{"id":608,"date":"2017-05-19T22:07:45","date_gmt":"2017-05-19T15:07:45","guid":{"rendered":"http:\/\/uniondelbarrio.org\/esp\/?p=608"},"modified":"2017-07-30T00:53:03","modified_gmt":"2017-07-29T17:53:03","slug":"la-autodefensa-de-la-raza-es-ahora-la-primera-linea-de-la-lucha-antifascista","status":"publish","type":"post","link":"https:\/\/uniondelbarrio.org\/esp\/la-autodefensa-de-la-raza-es-ahora-la-primera-linea-de-la-lucha-antifascista\/","title":{"rendered":"La Autodefensa De La Raza Es Ahora La Primera L\u00ednea De La Lucha Antifascista: Parte I"},"content":{"rendered":"<h5 style=\"text-align: center;\"><span style=\"color: #993300;\">An\u00e1lisis De Uni\u00f3n del Barrio Sobre El Fascismo<\/span><span style=\"color: #993300;\">\u00a0Trumpista Y Nuestra Lucha De Liberaci\u00f3n<\/span><\/h5>\n<p><a href=\"http:\/\/uniondelbarrio.org\/main\/?p=3008\" target=\"_blank\" rel=\"noopener noreferrer\"><img loading=\"lazy\" decoding=\"async\" class=\"alignright wp-image-215 size-full\" src=\"https:\/\/uniondelbarrio.org\/esp\/wp-content\/uploads\/2016\/05\/englishversionbutton.png\" alt=\"\" width=\"184\" height=\"64\" \/><\/a>Este an\u00e1lisis es de cuatro partes y representa una discusi\u00f3n interna que empezamos en noviembre del 2016. El prop\u00f3sito de este an\u00e1lisis es resumir lo que Uni\u00f3n del Barrio ha aprendido, lo que sabemos y lo que esperamos, para ofrecer claridad pol\u00edtica sobre lo que hay que hacer para resistir el fascismo trumpista ahora en 2017, a comienzo del gobierno de Trump. Antes de poder prepararnos para lo que viene, primero debemos de tener muy claro todo lo posible acerca de nuestras condiciones actuales y de c\u00f3mo llegamos a esto. Son cuatro partes de este an\u00e1lisis:<\/p>\n<p style=\"text-align: center;\">&#8211; <a href=\"https:\/\/uniondelbarrio.org\/esp\/?p=608\">PARTE UNO<\/a>: No Le Debemos Nada Al Partido Dem\u00f3crata:\u00a0Deja Que El Burro Muerto Muera<\/p>\n<p style=\"text-align: center;\">&#8211; <a href=\"https:\/\/uniondelbarrio.org\/esp\/?p=650\">PARTE DOS<\/a>: El Odio Republicano Es Contra Todos Y Todo: Cuidado con el Elefante Muerto que Camina<\/p>\n<p style=\"text-align: center;\">&#8211; <a href=\"https:\/\/uniondelbarrio.org\/esp\/?p=653\">PARTE TRES<\/a>: Nuestras Luchas Trascienden el Sistema de Dos Partidos<\/p>\n<p style=\"text-align: center;\">&#8211; <a href=\"https:\/\/uniondelbarrio.org\/esp\/?p=655\">PARTE CUATRO<\/a>: Tocas a Uno, Tocas a Todos<\/p>\n<hr \/>\n<h5 style=\"text-align: center;\"><span style=\"color: #993300;\">No Le Debemos Nada Al Partido Dem\u00f3crata:\u00a0Deja Que El Burro Muerto Muera<\/span><\/h5>\n<p>Parte Uno de Cuatro<\/p>\n<p><img loading=\"lazy\" decoding=\"async\" class=\"size-medium wp-image-3026 alignright\" src=\"http:\/\/uniondelbarrio.org\/main\/wp-content\/uploads\/2017\/04\/ZombieDonkey-272x300.jpg\" alt=\"\" width=\"272\" height=\"300\" \/><\/p>\n<p>Durante los \u00faltimos d\u00edas de la presidencia de Obama vimos un esfuerzo en los medios de comunicaci\u00f3n para transformar en un mito la administraci\u00f3n saliente. Esto fue el resultado parcial del creciente temor generado en relaci\u00f3n con el gobierno entrante de Trump. Tambi\u00e9n fue parte de una campa\u00f1a para confundir y ocultar la verdadera naturaleza de la presidencia de Obama. Este mito de Obama qued\u00f3 perfectamente claro en <a href=\"https:\/\/nyti.ms\/2ihqA8c\" target=\"_blank\" rel=\"noopener noreferrer\">el discurso de despedida de Obama el 10 de enero de 2017<\/a>\u00a0\u00a0en Chicago. Como organizaci\u00f3n tenemos la responsabilidad de empujar hacia atr\u00e1s la mitolog\u00eda de Obama y el miedo trumpista, y a cambio presentar un claro recuento del legado de Obama.<\/p>\n<p>Para empezar, debemos terminar con el argumento de que reformar al Partido Dem\u00f3crata es una opci\u00f3n viable para avanzar hacia el futuro. El Partido Dem\u00f3crata no es nuestro amigo, y s\u00f3lo mantiene una apariencia de estar del lado de los pobres, los trabajadores, los LGBT, la &#8220;gente de color&#8221;, etc. A lo largo de sus ocho a\u00f1os en el poder, Barack Obama fue un maestro para que se percibiera que manten\u00eda una moderaci\u00f3n pol\u00edtica y un auto-control. Su administraci\u00f3n equival\u00eda a un juego de m\u00e1scaras multiculturales y seudo-progresivas, donde una y otra vez, un juego de mano dirigir\u00eda la atenci\u00f3n del p\u00fablico hacia las &#8220;reformas&#8221; menos importantes, al mismo tiempo que apartar\u00eda la atenci\u00f3n de las actividades pol\u00edtico-econ\u00f3micas m\u00e1s reaccionarias. Con el Obama m\u00edstico detr\u00e1s de nosotros, la evidencia de esta falta de sustancia es inmediatamente observable en las pol\u00edticas reales promulgadas por la administraci\u00f3n Obama. Por ejemplo, a cambio de Acciones Diferidas por Llegadas en la Ni\u00f1ez (DACA por sus siglas en ingl\u00e9s), las promesas incumplidas de Acci\u00f3n Diferida para Padres (DAPA por sus siglas en ingl\u00e9s) y la llamada &#8220;reforma integral de inmigraci\u00f3n&#8221;, Obama hizo lo que ning\u00fan republicano fue capaz de hacer, racionalizar y normalizar casi 3 millones de deportaciones, no s\u00f3lo <a href=\"http:\/\/abcnews.go.com\/Politics\/obamas-deportation-policy-numbers\/story?id=41715661\" target=\"_blank\" rel=\"noopener noreferrer\">m\u00e1s deportaciones que cualquier otro presidente antes que \u00e9l, sino m\u00e1s que todos los presidentes anteriores combinados<\/a>.<\/p>\n<p>.<\/p>\n<p style=\"text-align: center;\"><iframe loading=\"lazy\" src=\"https:\/\/www.youtube.com\/embed\/MFesOa-2WXc\" width=\"450\" height=\"253\" frameborder=\"0\" allowfullscreen=\"allowfullscreen\"><\/iframe><\/p>\n<p>De hecho, esto se convirti\u00f3 en un patr\u00f3n en las pol\u00edticas dom\u00e9sticas de Obama.<\/p>\n<ul>\n<li>Obama fue celebrado como el primer presidente negro de los Estados Unidos, mientras que presid\u00eda la reacci\u00f3n m\u00e1s abierta contra negros y Raza. Como presidente Obama se mantuvo con los brazos cruzados para no vigilar una ola viciosa de asesinatos de personas negras desarmadas en manos de la polic\u00eda a trav\u00e9s de todo el territorio estadounidense, una agresiva campa\u00f1a nacional de supresi\u00f3n de votantes negros y morenos y la continuaci\u00f3n de la mayor tasa de encarcelamiento en el mundo. Adem\u00e1s, Obama &#8220;perdon\u00f3&#8221; a algunos presos pol\u00edticos, pero se neg\u00f3 a liberar a otros presos pol\u00edticos importantes: <a href=\"https:\/\/www.democracynow.org\/2016\/10\/7\/mumia_abu_jamal_on_mass_incarceration\" target=\"_blank\" rel=\"noopener noreferrer\">Mumia Abu-Jamal<\/a>, <a href=\"http:\/\/supportramsey.blogspot.com\" target=\"_blank\" rel=\"noopener noreferrer\">Ramsey Mu\u00f1iz<\/a>, <a href=\"https:\/\/www.democracynow.org\/2016\/12\/21\/free_leonard_peltier_obama_urged_to\" target=\"_blank\" rel=\"noopener noreferrer\">Leonard Peltier<\/a> y <a href=\"https:\/\/www.democracynow.org\/2016\/3\/28\/hands_off_assata_shakur_angela_davis\" target=\"_blank\" rel=\"noopener noreferrer\">Assata Shakur<\/a>.<\/li>\n<li>Obama reuni\u00f3 las m\u00e1s amplias y diversas coaliciones electorales jam\u00e1s vistas en este pa\u00eds para ganar sus campa\u00f1as presidenciales de 2008 y 2012, s\u00f3lo para desmantelar estas coaliciones inmediatamente despu\u00e9s de sus victorias. R\u00e1pidamente se deshizo de su n\u00facleo de apoyo entre los trabajadores organizados (<a href=\"http:\/\/www.huffingtonpost.com\/mike-elk\/abandoning-efca-is-obamas_b_414209.html\" target=\"_blank\" rel=\"noopener noreferrer\">EFCA<\/a>), <a href=\"https:\/\/youtu.be\/LrMchxVF8w8\" target=\"_blank\" rel=\"noopener noreferrer\">desmovilizo a j\u00f3venes partidarios y progresistas<\/a>, etc., de esta forma cedi\u00f3 espacio electoral a estrategias republicanas cada vez m\u00e1s agresivas de supresi\u00f3n de votantes, <a href=\"http:\/\/www.rollingstone.com\/politics\/news\/how-republicans-rig-the-game-20131111\" target=\"_blank\" rel=\"noopener noreferrer\">gerrymandering<\/a> y control corporativo de las elecciones (<a href=\"https:\/\/www.democracynow.org\/2015\/3\/13\/should_mcdonalds_monsanto_have_the_same\" target=\"_blank\" rel=\"noopener noreferrer\">Ciudadanos Unidos<\/a>).<\/li>\n<li>Obama elimin\u00f3 &#8220;No pregunte, no diga&#8221; (DADT por sus siglas en ingl\u00e9s), apoy\u00f3 p\u00fablicamente la igualdad matrimonial, e hizo <a href=\"http:\/\/www.pbs.org\/newshour\/rundown\/obama-administration-to-decree-transgender-access-for-public-school-bathrooms\/\" target=\"_blank\" rel=\"noopener noreferrer\">aperturas<\/a> a la comunidad LGTBQ a nivel federal. Sin embargo, la legislaci\u00f3n estatal se volvi\u00f3 cada vez m\u00e1s homof\u00f3bica, con Obama y el Partido Dem\u00f3crata observando desde las l\u00edneas laterales como esta amplia reacci\u00f3n de derecha en contra de los derechos LGBTQ se desarroll\u00f3 en todo los Estados Unidos.<\/li>\n<li>Obama extendi\u00f3 <a href=\"http:\/\/billmoyers.com\/2015\/02\/14\/needless-default\/\" target=\"_blank\" rel=\"noopener noreferrer\">ayuda limitada<\/a> a un pu\u00f1ado de familias para salvar sus casas de la ejecuci\u00f3n hipotecaria, apoyando el rescate de <a href=\"https:\/\/www.democracynow.org\/2013\/1\/11\/matt_taibbi_william_black_on_bailout\" target=\"_blank\" rel=\"noopener noreferrer\">700.000 millones<\/a> de d\u00f3lares de Wall Street y protegiendo a los capitalistas financieros corruptos de la acusaci\u00f3n por haber cometido fraude contra millones de familias y haber hecho reventar la econom\u00eda mundial en 2008.<\/li>\n<\/ul>\n<p style=\"text-align: center;\"><iframe loading=\"lazy\" src=\"https:\/\/www.democracynow.org\/embed\/story\/2013\/1\/11\/matt_taibbi_william_black_on_bailout\" width=\"640\" height=\"360\" frameborder=\"0\" allowfullscreen=\"allowfullscreen\"><\/iframe><\/p>\n<ul>\n<li>La Ley del Cuidado de Salud a Bajo Precio (ACA, por sus siglas en ingl\u00e9s) o &#8220;Obamacare&#8221; hace que las formas limitadas de seguro m\u00e9dico sean menos costosas para algunas personas, mientras representan principalmente la mayor donaci\u00f3n de fondos p\u00fablicos a compa\u00f1\u00edas m\u00e9dicas privadas y farmac\u00e9uticos en la historia. Los dem\u00f3cratas celebran c\u00f3mo 20 millones m\u00e1s de personas tienen seguro de salud, <a href=\"http:\/\/time.com\/4508369\/why-u-s-women-still-die-during-childbirth\/\" target=\"_blank\" rel=\"noopener noreferrer\">pero el pa\u00eds no se hizo m\u00e1s saludable bajo Obama<\/a>, y por lo tanto, aprendimos que m\u00e1s gente con seguro de salud no es el equivalente de que m\u00e1s gente tenga mejor salud. Por otro lado, los dem\u00f3cratas apoyaron la exclusi\u00f3n de raza sin papeles de ser cubiertos por la ACA.<\/li>\n<li>Obama fue celebrado como un defensor del medio ambiente, mientras que durante su administraci\u00f3n el poder del petr\u00f3leo fue ampliado, el precio de un gal\u00f3n de gasolina se redujo a la mitad, y ni Obama ni Clinton nunca sali\u00f3 en apoyo de la No Dakota Access Pipeline (NoDAPL) protectores de agua. En cambio ambos guardaron silencio sobre esta lucha, mientras que la violencia fue escalada para aplastar la lucha ambiental e ind\u00edgena m\u00e1s importante de los \u00faltimos 100 a\u00f1os. Adem\u00e1s, bajo Obama, la <a href=\"http:\/\/fortune.com\/2015\/02\/11\/domestic-oil-production-record\/\" target=\"_blank\" rel=\"noopener noreferrer\">producci\u00f3n nacional de petr\u00f3leo estadounidense aument\u00f3<\/a>, el <a href=\"https:\/\/www.nytimes.com\/2017\/01\/18\/science\/earth-highest-temperature-record.html?smid=pl-share&amp;_r=0\" target=\"_blank\" rel=\"noopener noreferrer\">planeta se volvi\u00f3 m\u00e1s enfermo<\/a>, la fracturaci\u00f3n hidr\u00e1ulica se expandi\u00f3 y el agua en Flint, Michigan continu\u00f3 envenenando a los ni\u00f1os negros.<\/li>\n<li>Obama y la direcci\u00f3n del Partido Dem\u00f3crata toleraron p\u00fablicamente el &#8220;socialismo&#8221; socialdem\u00f3crata de Bernie Sanders, mientras que \u00e9l era un contendiente a la nominaci\u00f3n presidencial, aunque a puertas cerradas conspiraron activamente para aislar, desacreditar y socavar su candidatura cuando qued\u00f3 claro que \u00e9l estaba ganando m\u00e1s apoyo popular que Hillary Clinton.<\/li>\n<\/ul>\n<p>Obama sigue siendo considerado por la mayor\u00eda de los dem\u00f3cratas como un faro de pol\u00edtica interior progresista, aunque hizo todo lo anterior, supervis\u00f3 el aumento en el poder represivo del estado y el desarrollo de nuevas tecnolog\u00edas de vigilancia como una clara continuaci\u00f3n de la administraci\u00f3n Bush y sus Actas Patri\u00f3ticas y el atrincheramiento del Departamento de Seguridad Nacional.\u00a0A nivel internacional, exist\u00eda un juego similar de percepciones liberales, a pesar de que esta administraci\u00f3n dem\u00f3crata fue m\u00e1s inquebrantable en sus esfuerzos multilaterales para impulsar el imperialismo estadounidense:<\/p>\n<ul>\n<li>Obama orden\u00f3 la retirada de algunas fuerzas de ocupaci\u00f3n de Afganist\u00e1n e Irak, fue galardonado con un Premio Nobel de la Paz y negoci\u00f3 un acuerdo nuclear con Ir\u00e1n, mientras dirig\u00eda la continuaci\u00f3n de m\u00faltiples guerras &#8220;vivas&#8221; (S\u00f3lo en el a\u00f1o 2016 m\u00e1s de<a href=\"http:\/\/www.nbcnews.com\/news\/world\/u-s-bombed-iraq-syria-pakistan-afghanistan-libya-yemen-somalia-n704636\" target=\"_blank\" rel=\"noopener noreferrer\"> 26.000 bombas fueron lanzadas<\/a>), el derrocamiento violento de Gadafi en Libia y una expansi\u00f3n masiva de las guerras de aviones no tripulados en <a href=\"https:\/\/theintercept.com\/2016\/07\/01\/obama-administration-finally-releases-its-dubious-drone-death-toll\/\" target=\"_blank\" rel=\"noopener noreferrer\">Pakist\u00e1n, Yemen, Somalia y Libia<\/a>.<\/li>\n<li>Obama inici\u00f3 un proceso de &#8220;normalizaci\u00f3n&#8221; de las relaciones con Cuba, mientras sigui\u00f3 manteniendo el bloqueo criminal contra la isla, y activamente continuo apoyando una renovada <a href=\"http:\/\/www.telesurtv.net\/english\/multimedia\/Operation-Condor-20161219-0022.html\" target=\"_blank\" rel=\"noopener noreferrer\">Operaci\u00f3n C\u00f3ndor<\/a> para hacer retroceder las conquistas ganadas por las luchas populares de los \u00faltimos veinte a\u00f1os en toda Nuestra Am\u00e9rica. Los esfuerzos de Estados Unidos en Nuestra Am\u00e9rica bajo Obama incluyeron el apoyo a golpes militares e institucionales (Honduras, Paraguay, Brasil, etc.), la <a href=\"http:\/\/www.telesurtv.net\/english\/news\/Venezuelas-Says-70-US-Military-Bases-in-Latin-America-Must-Go-20160929-0018.html\" target=\"_blank\" rel=\"noopener noreferrer\">expansi\u00f3n de las bases militares<\/a> estadounidenses, los asesinatos pol\u00edticamente motivados (<a href=\"https:\/\/www.democracynow.org\/2016\/3\/11\/before_her_assassination_berta_caceres_singled\" target=\"_blank\" rel=\"noopener noreferrer\">Berta C\u00e1ceres<\/a>), la coerci\u00f3n econ\u00f3mica, arrestos ilegales, apoyo abierto al extremismo violento de derecha (Venezuela, Bolivia, Ecuador), manipulaci\u00f3n \/ censura de los medios de comunicaci\u00f3n, etc.<\/li>\n<\/ul>\n<p style=\"text-align: center;\"><iframe loading=\"lazy\" src=\"https:\/\/www.democracynow.org\/embed\/story\/2016\/3\/11\/before_her_assassination_berta_caceres_singled\" width=\"640\" height=\"360\" frameborder=\"0\" allowfullscreen=\"allowfullscreen\"><\/iframe><\/p>\n<ul>\n<li>Obama lament\u00f3 la narco violencia en M\u00e9xico, y emiti\u00f3 su &#8220;preocupaci\u00f3n&#8221; por los 43 estudiantes desaparecidos de Ayotzinapa. En vez de romper lazos con Felipe Calder\u00f3n o Enrique Pe\u00f1a Nieto, \u00bfc\u00f3mo manej\u00f3 este gobierno dem\u00f3crata el narco-estado asesino en M\u00e9xico? Al apoyar el mismo r\u00e9gimen mexicano de marionetas neoliberales, desde el a\u00f1o 2008, lo dot\u00f3 de apoyo econ\u00f3mico &#8211; casi <a href=\"https:\/\/www.thenation.com\/article\/us-connection-mexicos-drug-war-corruption\/\" target=\"_blank\" rel=\"noopener noreferrer\">3 mil millones de d\u00f3lares<\/a> para que los militares mexicanos lo utilicen para &#8220;medidas de seguridad nacional&#8221;, cientos de millones en ayuda para &#8220;proyectos de democratizaci\u00f3n&#8221; e hizo de M\u00e9xico, el tercer socio econ\u00f3mico m\u00e1s grande de Estados Unidos con $ 531 mil millones de d\u00f3lares en comercio anual. Tambi\u00e9n es importante se\u00f1alar que Estados Unidos es el principal mercado para el comercio de drogas en M\u00e9xico, as\u00ed como la fuente de otros US $ 25 mil millones en ingresos mexicanos provenientes de remesas, una cantidad que super\u00f3 las ganancias petroleras mexicanas en 2015. Al igual que los presidentes anteriores, Bajo Obama, el gobierno mexicano NO ten\u00eda, ni necesitaba, el apoyo del pueblo mexicano para sobrevivir, sino que s\u00f3lo permaneci\u00f3 un gobierno viable a trav\u00e9s del respaldo directo del gobierno de los Estados Unidos. Adem\u00e1s, M\u00e9xico se ha convertido en <a href=\"http:\/\/www.latimes.com\/world\/mexico-americas\/la-fg-mexico-migrants-20150905-story.html\" target=\"_blank\" rel=\"noopener noreferrer\">la principal fuerza gubernamental para deportaciones<\/a> de hondure\u00f1as \/ os, guatemaltecas \/ os y salvadore\u00f1as \/ os, con un intervencionismo activo de la Patrulla Fronteriza de los Estados Unidos y de Inmigraci\u00f3n y Aduanas dentro de territorios mexicanos. De hecho, uno de los queridos del Partido Dem\u00f3crata, Alan Bersin, el responsable de la militarizaci\u00f3n de la frontera entre Estados Unidos y M\u00e9xico en 1994, declar\u00f3 recientemente que la frontera sur de Estados Unidos es ahora la frontera entre M\u00e9xico y Guatemala.<\/li>\n<\/ul>\n<p>Durante ocho a\u00f1os, Barack Obama y el Partido Dem\u00f3crata recurrieron a una coalici\u00f3n electoral construida sobre el afecto, la identidad y el individualismo neoliberal, al tiempo que reforzaban los pilares econ\u00f3micos pol\u00edticos del imperio: guerra global perpetua, deportaciones masivas, voracidad corporativa ( Tratado Trans Pacific &#8211; TPP), y el apoyo internacional para golpes militares. Es m\u00e1s, lo hicieron manteniendo la percepci\u00f3n de diversidad, moderaci\u00f3n pol\u00edtica y autocontenci\u00f3n. En suma, todo este programa se redujo con la aquiescencia del Partido Dem\u00f3crata y los liberales en general.<\/p>\n<p>El Partido Dem\u00f3crata, y de forma feliz, le dio a Obama una ceguera hip\u00f3crita hacia el estado militarizado de seguridad nacional y los dise\u00f1os imperialistas de su administraci\u00f3n. Mientras que el Gitmo de Bush fue denunciado como un centro de detenciones ilegales, tortura y violaciones de derechos humanos &#8211; im\u00e1genes e historias que representaban al Gitmo de Obama fueron censuradas y Obama fue absuelto de todos esos cr\u00edmenes, al menos a los ojos del p\u00fablico. El Partido Dem\u00f3crata no se preocup\u00f3 por los drones armados, siempre y cuando fueran desplegados por Obama, contra &#8220;enemigos&#8221; sin nombre en tierras lejanas.<\/p>\n<p>El Partido Dem\u00f3crata no levant\u00f3 la alarma cuando Barack Obama, Hillary Clinton y John Kerry persiguieron una estrategia general de interrupci\u00f3n y desestabilizaci\u00f3n de las naciones no conformistas neoliberales. El Partido Dem\u00f3crata no resisti\u00f3 el golpe de Estado en Honduras, ni defendi\u00f3 a los ni\u00f1os no acompa\u00f1ados que se vieron obligados a huir despu\u00e9s de ese golpe. En su lugar, Hillary Clinton dijo que &#8220;&#8230; env\u00edenlos de vuelta&#8221;.<\/p>\n<p>El Partido Dem\u00f3crata no impugn\u00f3 la campa\u00f1a de deportaci\u00f3n masiva que se lanz\u00f3 contra nuestras comunidades, y en su lugar busc\u00f3 racionalizar estas deportaciones como una necesidad desagradable, para ganar el apoyo republicano a la &#8220;reforma integral de inmigraci\u00f3n&#8221;. A los dem\u00f3cratas no les importo el peligro latente antidemocr\u00e1tico que exist\u00eda en la creaci\u00f3n y despliegue de un aparato estatal capaz de emprender una campa\u00f1a de deportaciones masivas, siempre y cuando permaneciera bajo el control de los dem\u00f3cratas. Durante ocho a\u00f1os los dem\u00f3cratas fueron calmados por una hipocres\u00eda liberal general que enmarc\u00f3 reglas pol\u00edticas m\u00e1s en acuerdo en reglas de identidad despolitizada y del neoliberalismo multicultural, del cual Obama fue su campe\u00f3n.<\/p>\n<p>Desde el 2008 hasta el 8 de noviembre de 2016, los dem\u00f3cratas permanecieron completamente convencidos de la fuerza sist\u00e9mica de las instituciones electorales estadounidenses, de la superioridad pol\u00edtica de su coalici\u00f3n neoliberal multicultural, del &#8220;mal necesario&#8221; de sus ambiciones imperiales y de la inevitabilidad del continuo control democr\u00e1tico de la Casa Blanca. Esto explica por qu\u00e9 la campa\u00f1a de Clinton demostr\u00f3 ser completamente incapaz de desafiar a Trump, optando por responder al pro-fascismo trumpista principalmente con el espect\u00e1culo de los medios de comunicaci\u00f3n (celebridades), ridiculeces (&#8220;m\u00e1s fuerte juntos&#8221; o &#8220;ellos van bajo, nosotros alto\u201d, y consignas vac\u00edas (&#8220;Estoy con ella&#8221;).<\/p>\n<p>Aun cuando Trump llam\u00f3 a Clinton una criminal en su rostro, el sinuoso Partido Dem\u00f3crata prefiri\u00f3 conspirar contra su propia ala izquierdista leal, hacer propuestas a los republicanos &#8220;moderados&#8221;, y complacer a los &#8220;c\u00edrculos electorales&#8221; liberales que presumiblemente entregar\u00edan una &#8220;coronaci\u00f3n&#8221; de Clinton. Ni siquiera durante los seis meses en que se permiti\u00f3 a la campa\u00f1a de Bernie Sanders un acceso limitado a los medios de comunicaci\u00f3n nacionales, hubo una cr\u00edtica pol\u00edtica econ\u00f3mica sustancial de la guerra, el imperialismo, la degradaci\u00f3n ambiental, el racismo o el capitalismo en general.\u00a0Los analistas pol\u00edticos liberales todav\u00eda est\u00e1n desconcertados de c\u00f3mo podr\u00edan haber concebido el resultado de las elecciones tan equivocadamente, y siguen comprometidos a asignar la culpa a todos los dem\u00e1s por su propia incompetencia. En lugar de movilizar la resistencia de masas al fascismo trumpista, la direcci\u00f3n del Partido Dem\u00f3crata esta, en su mayor\u00eda, silenciosa en estos d\u00edas, escondi\u00e9ndose en Washington DC, con la esperanza de encontrar alguna forma de &#8220;resistir&#8221; al trumpismo de manera segura, sentadas\/os dando ordenes\u00a0desde\u00a0sus despachos.<\/p>\n<p>No le debemos nada al Partido Dem\u00f3crata. Es un partido de duplicidad organizada, oportunismo, sin principios pol\u00edticos ni coherencia pol\u00edtica alguna. Ideol\u00f3gicamente, est\u00e1 desmoralizado y en quiebra, con la excepci\u00f3n de permanecer agresivamente pro capitalista\/imperialista y de ser partidario consistente del individualismo neoliberal. M\u00e1s all\u00e1 de la costa oeste y el noreste del pa\u00eds, es un fracaso como partido electoral nacional. En \u00faltima instancia, el Partido Dem\u00f3crata ha sido y seguir\u00e1 siendo una organizaci\u00f3n anti-liberaci\u00f3n, anti-independiente y con una ideolog\u00eda anti-revolucionaria.<\/p>\n<p><a href=\"https:\/\/uniondelbarrio.org\/esp\/?p=650\"><span style=\"color: #993300;\">Parte Dos: El Odio Republicano Es Contra Todos Y Todo: Cuidado con el Elefante Muerto que Camina<\/span><\/a><\/p>\n","protected":false},"excerpt":{"rendered":"<p>An\u00e1lisis De Uni\u00f3n del Barrio Sobre El Fascismo\u00a0Trumpista Y Nuestra Lucha De Liberaci\u00f3n Este an\u00e1lisis es de cuatro partes y representa una discusi\u00f3n interna que empezamos en noviembre del 2016. El prop\u00f3sito de este an\u00e1lisis es resumir lo que Uni\u00f3n del Barrio ha aprendido, lo que sabemos y lo que esperamos, para ofrecer claridad pol\u00edtica [&hellip;]<\/p>\n","protected":false},"author":1,"featured_media":0,"comment_status":"closed","ping_status":"closed","sticky":false,"template":"","format":"standard","meta":{"footnotes":""},"categories":[24,23,28,7,29,25,14],"tags":[],"class_list":["post-608","post","type-post","status-publish","format-standard","hentry","category-24","category-analisis","category-autodeterminacion","category-historia","category-honduras","category-lucha-obrera","category-solidaridad"],"yoast_head":"<!-- This site is optimized with the Yoast SEO plugin v27.5 - https:\/\/yoast.com\/product\/yoast-seo-wordpress\/ -->\n<title>La Autodefensa De La Raza Es Ahora La Primera L\u00ednea De La Lucha Antifascista: Parte I - UdB en espa\u00f1ol<\/title>\n<meta name=\"robots\" content=\"index, follow, max-snippet:-1, max-image-preview:large, max-video-preview:-1\" \/>\n<link rel=\"canonical\" href=\"https:\/\/uniondelbarrio.org\/esp\/la-autodefensa-de-la-raza-es-ahora-la-primera-linea-de-la-lucha-antifascista\/\" \/>\n<meta property=\"og:locale\" content=\"en_US\" \/>\n<meta property=\"og:type\" content=\"article\" \/>\n<meta property=\"og:title\" content=\"La Autodefensa De La Raza Es Ahora La Primera L\u00ednea De La Lucha Antifascista: Parte I - UdB en espa\u00f1ol\" \/>\n<meta property=\"og:description\" content=\"An\u00e1lisis De Uni\u00f3n del Barrio Sobre El Fascismo\u00a0Trumpista Y Nuestra Lucha De Liberaci\u00f3n Este an\u00e1lisis es de cuatro partes y representa una discusi\u00f3n interna que empezamos en noviembre del 2016. El prop\u00f3sito de este an\u00e1lisis es resumir lo que Uni\u00f3n del Barrio ha aprendido, lo que sabemos y lo que esperamos, para ofrecer claridad pol\u00edtica [&hellip;]\" \/>\n<meta property=\"og:url\" content=\"https:\/\/uniondelbarrio.org\/esp\/la-autodefensa-de-la-raza-es-ahora-la-primera-linea-de-la-lucha-antifascista\/\" \/>\n<meta property=\"og:site_name\" content=\"UdB en espa\u00f1ol\" \/>\n<meta property=\"article:publisher\" content=\"https:\/\/www.facebook.com\/UniondelBarrio\" \/>\n<meta property=\"article:published_time\" content=\"2017-05-19T15:07:45+00:00\" \/>\n<meta property=\"article:modified_time\" content=\"2017-07-29T17:53:03+00:00\" \/>\n<meta property=\"og:image\" content=\"http:\/\/uniondelbarrio.org\/esp\/wp-content\/uploads\/2016\/05\/englishversionbutton.png\" \/>\n<meta name=\"author\" content=\"UdBpaginas_esp\" \/>\n<meta name=\"twitter:card\" content=\"summary_large_image\" \/>\n<meta name=\"twitter:creator\" content=\"@UniondelBarrio\" \/>\n<meta name=\"twitter:site\" content=\"@UniondelBarrio\" \/>\n<meta name=\"twitter:label1\" content=\"Written by\" \/>\n\t<meta name=\"twitter:data1\" content=\"UdBpaginas_esp\" \/>\n\t<meta name=\"twitter:label2\" content=\"Est. reading time\" \/>\n\t<meta name=\"twitter:data2\" content=\"13 minutes\" \/>\n<script type=\"application\/ld+json\" class=\"yoast-schema-graph\">{\"@context\":\"https:\\\/\\\/schema.org\",\"@graph\":[{\"@type\":\"Article\",\"@id\":\"https:\\\/\\\/uniondelbarrio.org\\\/esp\\\/la-autodefensa-de-la-raza-es-ahora-la-primera-linea-de-la-lucha-antifascista\\\/#article\",\"isPartOf\":{\"@id\":\"https:\\\/\\\/uniondelbarrio.org\\\/esp\\\/la-autodefensa-de-la-raza-es-ahora-la-primera-linea-de-la-lucha-antifascista\\\/\"},\"author\":{\"name\":\"UdBpaginas_esp\",\"@id\":\"https:\\\/\\\/uniondelbarrio.org\\\/esp\\\/#\\\/schema\\\/person\\\/2ba6e8991ef1389f2f4509a3c41ade0f\"},\"headline\":\"La Autodefensa De La Raza Es Ahora La Primera L\u00ednea De La Lucha Antifascista: Parte I\",\"datePublished\":\"2017-05-19T15:07:45+00:00\",\"dateModified\":\"2017-07-29T17:53:03+00:00\",\"mainEntityOfPage\":{\"@id\":\"https:\\\/\\\/uniondelbarrio.org\\\/esp\\\/la-autodefensa-de-la-raza-es-ahora-la-primera-linea-de-la-lucha-antifascista\\\/\"},\"wordCount\":2657,\"image\":{\"@id\":\"https:\\\/\\\/uniondelbarrio.org\\\/esp\\\/la-autodefensa-de-la-raza-es-ahora-la-primera-linea-de-la-lucha-antifascista\\\/#primaryimage\"},\"thumbnailUrl\":\"http:\\\/\\\/uniondelbarrio.org\\\/esp\\\/wp-content\\\/uploads\\\/2016\\\/05\\\/englishversionbutton.png\",\"articleSection\":[\"2017\",\"An\u00e1lisis\",\"Autodeterminaci\u00f3n\",\"Historia\",\"Honduras\",\"Lucha Obrera\",\"Solidaridad\"],\"inLanguage\":\"en-US\"},{\"@type\":\"WebPage\",\"@id\":\"https:\\\/\\\/uniondelbarrio.org\\\/esp\\\/la-autodefensa-de-la-raza-es-ahora-la-primera-linea-de-la-lucha-antifascista\\\/\",\"url\":\"https:\\\/\\\/uniondelbarrio.org\\\/esp\\\/la-autodefensa-de-la-raza-es-ahora-la-primera-linea-de-la-lucha-antifascista\\\/\",\"name\":\"La Autodefensa De La Raza Es Ahora La Primera L\u00ednea De La Lucha Antifascista: Parte I - UdB en espa\u00f1ol\",\"isPartOf\":{\"@id\":\"https:\\\/\\\/uniondelbarrio.org\\\/esp\\\/#website\"},\"primaryImageOfPage\":{\"@id\":\"https:\\\/\\\/uniondelbarrio.org\\\/esp\\\/la-autodefensa-de-la-raza-es-ahora-la-primera-linea-de-la-lucha-antifascista\\\/#primaryimage\"},\"image\":{\"@id\":\"https:\\\/\\\/uniondelbarrio.org\\\/esp\\\/la-autodefensa-de-la-raza-es-ahora-la-primera-linea-de-la-lucha-antifascista\\\/#primaryimage\"},\"thumbnailUrl\":\"http:\\\/\\\/uniondelbarrio.org\\\/esp\\\/wp-content\\\/uploads\\\/2016\\\/05\\\/englishversionbutton.png\",\"datePublished\":\"2017-05-19T15:07:45+00:00\",\"dateModified\":\"2017-07-29T17:53:03+00:00\",\"author\":{\"@id\":\"https:\\\/\\\/uniondelbarrio.org\\\/esp\\\/#\\\/schema\\\/person\\\/2ba6e8991ef1389f2f4509a3c41ade0f\"},\"breadcrumb\":{\"@id\":\"https:\\\/\\\/uniondelbarrio.org\\\/esp\\\/la-autodefensa-de-la-raza-es-ahora-la-primera-linea-de-la-lucha-antifascista\\\/#breadcrumb\"},\"inLanguage\":\"en-US\",\"potentialAction\":[{\"@type\":\"ReadAction\",\"target\":[\"https:\\\/\\\/uniondelbarrio.org\\\/esp\\\/la-autodefensa-de-la-raza-es-ahora-la-primera-linea-de-la-lucha-antifascista\\\/\"]}]},{\"@type\":\"ImageObject\",\"inLanguage\":\"en-US\",\"@id\":\"https:\\\/\\\/uniondelbarrio.org\\\/esp\\\/la-autodefensa-de-la-raza-es-ahora-la-primera-linea-de-la-lucha-antifascista\\\/#primaryimage\",\"url\":\"http:\\\/\\\/uniondelbarrio.org\\\/esp\\\/wp-content\\\/uploads\\\/2016\\\/05\\\/englishversionbutton.png\",\"contentUrl\":\"http:\\\/\\\/uniondelbarrio.org\\\/esp\\\/wp-content\\\/uploads\\\/2016\\\/05\\\/englishversionbutton.png\"},{\"@type\":\"BreadcrumbList\",\"@id\":\"https:\\\/\\\/uniondelbarrio.org\\\/esp\\\/la-autodefensa-de-la-raza-es-ahora-la-primera-linea-de-la-lucha-antifascista\\\/#breadcrumb\",\"itemListElement\":[{\"@type\":\"ListItem\",\"position\":1,\"name\":\"Home\",\"item\":\"https:\\\/\\\/uniondelbarrio.org\\\/esp\\\/\"},{\"@type\":\"ListItem\",\"position\":2,\"name\":\"La Autodefensa De La Raza Es Ahora La Primera L\u00ednea De La Lucha Antifascista: Parte I\"}]},{\"@type\":\"WebSite\",\"@id\":\"https:\\\/\\\/uniondelbarrio.org\\\/esp\\\/#website\",\"url\":\"https:\\\/\\\/uniondelbarrio.org\\\/esp\\\/\",\"name\":\"UdB en espa\u00f1ol\",\"description\":\"Concientizaci\u00f3n, Organizaci\u00f3n, Acci\u00f3n y Liberaci\u00f3n\",\"potentialAction\":[{\"@type\":\"SearchAction\",\"target\":{\"@type\":\"EntryPoint\",\"urlTemplate\":\"https:\\\/\\\/uniondelbarrio.org\\\/esp\\\/?s={search_term_string}\"},\"query-input\":{\"@type\":\"PropertyValueSpecification\",\"valueRequired\":true,\"valueName\":\"search_term_string\"}}],\"inLanguage\":\"en-US\"},{\"@type\":\"Person\",\"@id\":\"https:\\\/\\\/uniondelbarrio.org\\\/esp\\\/#\\\/schema\\\/person\\\/2ba6e8991ef1389f2f4509a3c41ade0f\",\"name\":\"UdBpaginas_esp\",\"image\":{\"@type\":\"ImageObject\",\"inLanguage\":\"en-US\",\"@id\":\"https:\\\/\\\/secure.gravatar.com\\\/avatar\\\/a17da679620af46e41329142498ba2e131a72a53df1497c375369460fa0f6339?s=96&d=mm&r=g\",\"url\":\"https:\\\/\\\/secure.gravatar.com\\\/avatar\\\/a17da679620af46e41329142498ba2e131a72a53df1497c375369460fa0f6339?s=96&d=mm&r=g\",\"contentUrl\":\"https:\\\/\\\/secure.gravatar.com\\\/avatar\\\/a17da679620af46e41329142498ba2e131a72a53df1497c375369460fa0f6339?s=96&d=mm&r=g\",\"caption\":\"UdBpaginas_esp\"},\"url\":\"https:\\\/\\\/uniondelbarrio.org\\\/esp\\\/author\\\/udbpaginas_esp\\\/\"}]}<\/script>\n<!-- \/ Yoast SEO plugin. -->","yoast_head_json":{"title":"La Autodefensa De La Raza Es Ahora La Primera L\u00ednea De La Lucha Antifascista: Parte I - UdB en espa\u00f1ol","robots":{"index":"index","follow":"follow","max-snippet":"max-snippet:-1","max-image-preview":"max-image-preview:large","max-video-preview":"max-video-preview:-1"},"canonical":"https:\/\/uniondelbarrio.org\/esp\/la-autodefensa-de-la-raza-es-ahora-la-primera-linea-de-la-lucha-antifascista\/","og_locale":"en_US","og_type":"article","og_title":"La Autodefensa De La Raza Es Ahora La Primera L\u00ednea De La Lucha Antifascista: Parte I - UdB en espa\u00f1ol","og_description":"An\u00e1lisis De Uni\u00f3n del Barrio Sobre El Fascismo\u00a0Trumpista Y Nuestra Lucha De Liberaci\u00f3n Este an\u00e1lisis es de cuatro partes y representa una discusi\u00f3n interna que empezamos en noviembre del 2016. El prop\u00f3sito de este an\u00e1lisis es resumir lo que Uni\u00f3n del Barrio ha aprendido, lo que sabemos y lo que esperamos, para ofrecer claridad pol\u00edtica [&hellip;]","og_url":"https:\/\/uniondelbarrio.org\/esp\/la-autodefensa-de-la-raza-es-ahora-la-primera-linea-de-la-lucha-antifascista\/","og_site_name":"UdB en espa\u00f1ol","article_publisher":"https:\/\/www.facebook.com\/UniondelBarrio","article_published_time":"2017-05-19T15:07:45+00:00","article_modified_time":"2017-07-29T17:53:03+00:00","og_image":[{"url":"http:\/\/uniondelbarrio.org\/esp\/wp-content\/uploads\/2016\/05\/englishversionbutton.png","type":"","width":"","height":""}],"author":"UdBpaginas_esp","twitter_card":"summary_large_image","twitter_creator":"@UniondelBarrio","twitter_site":"@UniondelBarrio","twitter_misc":{"Written by":"UdBpaginas_esp","Est. reading time":"13 minutes"},"schema":{"@context":"https:\/\/schema.org","@graph":[{"@type":"Article","@id":"https:\/\/uniondelbarrio.org\/esp\/la-autodefensa-de-la-raza-es-ahora-la-primera-linea-de-la-lucha-antifascista\/#article","isPartOf":{"@id":"https:\/\/uniondelbarrio.org\/esp\/la-autodefensa-de-la-raza-es-ahora-la-primera-linea-de-la-lucha-antifascista\/"},"author":{"name":"UdBpaginas_esp","@id":"https:\/\/uniondelbarrio.org\/esp\/#\/schema\/person\/2ba6e8991ef1389f2f4509a3c41ade0f"},"headline":"La Autodefensa De La Raza Es Ahora La Primera L\u00ednea De La Lucha Antifascista: Parte I","datePublished":"2017-05-19T15:07:45+00:00","dateModified":"2017-07-29T17:53:03+00:00","mainEntityOfPage":{"@id":"https:\/\/uniondelbarrio.org\/esp\/la-autodefensa-de-la-raza-es-ahora-la-primera-linea-de-la-lucha-antifascista\/"},"wordCount":2657,"image":{"@id":"https:\/\/uniondelbarrio.org\/esp\/la-autodefensa-de-la-raza-es-ahora-la-primera-linea-de-la-lucha-antifascista\/#primaryimage"},"thumbnailUrl":"http:\/\/uniondelbarrio.org\/esp\/wp-content\/uploads\/2016\/05\/englishversionbutton.png","articleSection":["2017","An\u00e1lisis","Autodeterminaci\u00f3n","Historia","Honduras","Lucha Obrera","Solidaridad"],"inLanguage":"en-US"},{"@type":"WebPage","@id":"https:\/\/uniondelbarrio.org\/esp\/la-autodefensa-de-la-raza-es-ahora-la-primera-linea-de-la-lucha-antifascista\/","url":"https:\/\/uniondelbarrio.org\/esp\/la-autodefensa-de-la-raza-es-ahora-la-primera-linea-de-la-lucha-antifascista\/","name":"La Autodefensa De La Raza Es Ahora La Primera L\u00ednea De La Lucha Antifascista: Parte I - UdB en espa\u00f1ol","isPartOf":{"@id":"https:\/\/uniondelbarrio.org\/esp\/#website"},"primaryImageOfPage":{"@id":"https:\/\/uniondelbarrio.org\/esp\/la-autodefensa-de-la-raza-es-ahora-la-primera-linea-de-la-lucha-antifascista\/#primaryimage"},"image":{"@id":"https:\/\/uniondelbarrio.org\/esp\/la-autodefensa-de-la-raza-es-ahora-la-primera-linea-de-la-lucha-antifascista\/#primaryimage"},"thumbnailUrl":"http:\/\/uniondelbarrio.org\/esp\/wp-content\/uploads\/2016\/05\/englishversionbutton.png","datePublished":"2017-05-19T15:07:45+00:00","dateModified":"2017-07-29T17:53:03+00:00","author":{"@id":"https:\/\/uniondelbarrio.org\/esp\/#\/schema\/person\/2ba6e8991ef1389f2f4509a3c41ade0f"},"breadcrumb":{"@id":"https:\/\/uniondelbarrio.org\/esp\/la-autodefensa-de-la-raza-es-ahora-la-primera-linea-de-la-lucha-antifascista\/#breadcrumb"},"inLanguage":"en-US","potentialAction":[{"@type":"ReadAction","target":["https:\/\/uniondelbarrio.org\/esp\/la-autodefensa-de-la-raza-es-ahora-la-primera-linea-de-la-lucha-antifascista\/"]}]},{"@type":"ImageObject","inLanguage":"en-US","@id":"https:\/\/uniondelbarrio.org\/esp\/la-autodefensa-de-la-raza-es-ahora-la-primera-linea-de-la-lucha-antifascista\/#primaryimage","url":"http:\/\/uniondelbarrio.org\/esp\/wp-content\/uploads\/2016\/05\/englishversionbutton.png","contentUrl":"http:\/\/uniondelbarrio.org\/esp\/wp-content\/uploads\/2016\/05\/englishversionbutton.png"},{"@type":"BreadcrumbList","@id":"https:\/\/uniondelbarrio.org\/esp\/la-autodefensa-de-la-raza-es-ahora-la-primera-linea-de-la-lucha-antifascista\/#breadcrumb","itemListElement":[{"@type":"ListItem","position":1,"name":"Home","item":"https:\/\/uniondelbarrio.org\/esp\/"},{"@type":"ListItem","position":2,"name":"La Autodefensa De La Raza Es Ahora La Primera L\u00ednea De La Lucha Antifascista: Parte I"}]},{"@type":"WebSite","@id":"https:\/\/uniondelbarrio.org\/esp\/#website","url":"https:\/\/uniondelbarrio.org\/esp\/","name":"UdB en espa\u00f1ol","description":"Concientizaci\u00f3n, Organizaci\u00f3n, Acci\u00f3n y Liberaci\u00f3n","potentialAction":[{"@type":"SearchAction","target":{"@type":"EntryPoint","urlTemplate":"https:\/\/uniondelbarrio.org\/esp\/?s={search_term_string}"},"query-input":{"@type":"PropertyValueSpecification","valueRequired":true,"valueName":"search_term_string"}}],"inLanguage":"en-US"},{"@type":"Person","@id":"https:\/\/uniondelbarrio.org\/esp\/#\/schema\/person\/2ba6e8991ef1389f2f4509a3c41ade0f","name":"UdBpaginas_esp","image":{"@type":"ImageObject","inLanguage":"en-US","@id":"https:\/\/secure.gravatar.com\/avatar\/a17da679620af46e41329142498ba2e131a72a53df1497c375369460fa0f6339?s=96&d=mm&r=g","url":"https:\/\/secure.gravatar.com\/avatar\/a17da679620af46e41329142498ba2e131a72a53df1497c375369460fa0f6339?s=96&d=mm&r=g","contentUrl":"https:\/\/secure.gravatar.com\/avatar\/a17da679620af46e41329142498ba2e131a72a53df1497c375369460fa0f6339?s=96&d=mm&r=g","caption":"UdBpaginas_esp"},"url":"https:\/\/uniondelbarrio.org\/esp\/author\/udbpaginas_esp\/"}]}},"_links":{"self":[{"href":"https:\/\/uniondelbarrio.org\/esp\/wp-json\/wp\/v2\/posts\/608","targetHints":{"allow":["GET"]}}],"collection":[{"href":"https:\/\/uniondelbarrio.org\/esp\/wp-json\/wp\/v2\/posts"}],"about":[{"href":"https:\/\/uniondelbarrio.org\/esp\/wp-json\/wp\/v2\/types\/post"}],"author":[{"embeddable":true,"href":"https:\/\/uniondelbarrio.org\/esp\/wp-json\/wp\/v2\/users\/1"}],"replies":[{"embeddable":true,"href":"https:\/\/uniondelbarrio.org\/esp\/wp-json\/wp\/v2\/comments?post=608"}],"version-history":[{"count":20,"href":"https:\/\/uniondelbarrio.org\/esp\/wp-json\/wp\/v2\/posts\/608\/revisions"}],"predecessor-version":[{"id":682,"href":"https:\/\/uniondelbarrio.org\/esp\/wp-json\/wp\/v2\/posts\/608\/revisions\/682"}],"wp:attachment":[{"href":"https:\/\/uniondelbarrio.org\/esp\/wp-json\/wp\/v2\/media?parent=608"}],"wp:term":[{"taxonomy":"category","embeddable":true,"href":"https:\/\/uniondelbarrio.org\/esp\/wp-json\/wp\/v2\/categories?post=608"},{"taxonomy":"post_tag","embeddable":true,"href":"https:\/\/uniondelbarrio.org\/esp\/wp-json\/wp\/v2\/tags?post=608"}],"curies":[{"name":"wp","href":"https:\/\/api.w.org\/{rel}","templated":true}]}}