{"id":1879,"date":"2015-11-02T12:09:51","date_gmt":"2015-11-02T19:09:51","guid":{"rendered":"https:\/\/uniondelbarrio.org\/main\/?p=1879"},"modified":"2015-11-02T12:26:00","modified_gmt":"2015-11-02T19:26:00","slug":"21-millas-por-21-anos-de-resistencia-21-years-of-operation-gatekeeper-21-years-of-resistance","status":"publish","type":"post","link":"https:\/\/uniondelbarrio.org\/main\/21-millas-por-21-anos-de-resistencia-21-years-of-operation-gatekeeper-21-years-of-resistance\/","title":{"rendered":"&#8220;21 millas por 21 A\u00f1os de Resistencia&#8221; &#8211; 21 YEARS OF OPERATION GATEKEEPER &#8211; 21 YEARS OF RESISTANCE"},"content":{"rendered":"<p><a href=\"https:\/\/uniondelbarrio.org\/main\/wp-content\/uploads\/2015\/11\/FullFlyer.jpg\"><img loading=\"lazy\" decoding=\"async\" class=\"alignleft size-medium wp-image-1884\" src=\"https:\/\/uniondelbarrio.org\/main\/wp-content\/uploads\/2015\/11\/FullFlyer-225x300.jpg\" alt=\"FullFlyer\" width=\"225\" height=\"300\" srcset=\"https:\/\/uniondelbarrio.org\/main\/wp-content\/uploads\/2015\/11\/FullFlyer-225x300.jpg 225w, https:\/\/uniondelbarrio.org\/main\/wp-content\/uploads\/2015\/11\/FullFlyer-767x1024.jpg 767w, https:\/\/uniondelbarrio.org\/main\/wp-content\/uploads\/2015\/11\/FullFlyer.jpg 1534w\" sizes=\"auto, (max-width: 225px) 100vw, 225px\" \/><\/a>&#8211;<a href=\"https:\/\/uniondelbarrio.org\/main\/wp-content\/uploads\/2015\/11\/2015BikeRideRegisPacket_Edited_10312015.pdf\" target=\"_blank\">Click to download Registration Packet<\/a>&#8211;<\/p>\n<p>Uni\u00f3n del Barrio, a community based political organization, that for over 30 years has organized Raza workers to struggle for our self-determination and liberation from US imposed borders, is organizing <strong><em>\u201c21 millas por 21 a\u00f1os de Resistencia<\/em>\u201d <\/strong>&#8211;<strong>\u00a0<\/strong>a bike ride from the Larsen Field in San Ysidro to Chicano Park. December 10th is the anniversary of the <em>Universal Declaration of Human Rights<\/em> and it represents the universal recognition that basic rights and fundamental freedoms are inherent for all human beings, inalienable and equally applicable to everyone, and that every one of us is born free and equal in dignity and rights whatever our nationality, place of residence, gender, national or ethnic origin, color, religion, language, or any other status.\u00a0 Therefore the purpose of our bike ride is to denounce the escalating war on our people. We reject all laws and policies that for the past 21 years &#8211; since the implementation of NAFTA and Operation Gatekeeper &#8211; have militarized our barrios, systematically killed thousands of migrants at the border, have separated millions of families, and have incarcerated tens of thousands of workers in concentration camps called prisons. All of this, while making billions of dollars for large corporations.<\/p>\n<p>Since the implementation of both related economic and border policies in 1994, Uni\u00f3n del Barrio has been consistent in our resistance to this assault against Raza workers and families on both sides of the imposed border. Twenty-one years later, after more than eight thousand deaths, and millions of deportations and separated families, the border community of San Diego will come together on <span style=\"color: #993300;\"><strong>Saturday December 5, 2015<\/strong><\/span> to build class and political consciousness for our self-defense, to organize our people into struggle and to build an economic basis for our work. We invite our supporters to ride with us. This will be a fundraising event to sustain our community organizing and work. For more information please visit us <a href=\"http:\/\/www.uniondelbarrio.org\/\">www.uniondelbarrio.org<\/a> or call us at 619-923-3685.<\/p>\n<p><a href=\"http:\/\/www.facebook.com\/events\/719755084822500\/\" target=\"_blank\">http:\/\/www.facebook.com\/events\/719755084822500\/<\/a><\/p>\n<hr \/>\n<p><img loading=\"lazy\" decoding=\"async\" class=\"aligncenter wp-image-1882 size-large\" src=\"https:\/\/uniondelbarrio.org\/main\/wp-content\/uploads\/2015\/11\/JustLetters_2015-1024x435.jpg\" alt=\"JustLetters_2015\" width=\"640\" height=\"272\" srcset=\"https:\/\/uniondelbarrio.org\/main\/wp-content\/uploads\/2015\/11\/JustLetters_2015-1024x435.jpg 1024w, https:\/\/uniondelbarrio.org\/main\/wp-content\/uploads\/2015\/11\/JustLetters_2015-300x128.jpg 300w, https:\/\/uniondelbarrio.org\/main\/wp-content\/uploads\/2015\/11\/JustLetters_2015.jpg 1534w\" sizes=\"auto, (max-width: 640px) 100vw, 640px\" \/><\/p>\n<p>Uni\u00f3n del Barrio, una organizaci\u00f3n pol\u00edtica basada en la comunidad, que por m\u00e1s de 30 a\u00f1os ha luchado por la auto-determinaci\u00f3n y liberaci\u00f3n de la clase trabajadora mexicana\/latinoamericana dentro de los EE.UU. estar\u00e1 organizando un paseo cicl\u00edstico de resistencia <strong><em>&#8220;21 millas por 21 A\u00f1os de Resistencia&#8221; <\/em><\/strong>desde Larsen Field Park en San Ysidro al Parque Chicano en Barrio Logan. El 10 de diciembre se celebra el D\u00eda Universal de los Derechos Humanos para recordar que el respeto a los derechos b\u00e1sicos e inalienables de todas y cada una de las personas es el ideal com\u00fan al que aspiran todas las naciones y pueblos del mundo. Este paseo de bicicleta va a denunciar y rechazar todas las leyes y pol\u00edticas que en los pasados 21 a\u00f1os, desde la implementaci\u00f3n del NAFTA y el Operativo Guardi\u00e1n, han sido impuestas en nuestra comunidad de forma sistem\u00e1tica; matando a miles de migrantes en la frontera, han separado a millones de familias, y han encarcelado a decenas de miles de trabajadores en los campos de concentraci\u00f3n llamados \u201cc\u00e1rceles\u201d en los EE.UU.<\/p>\n<p>Desde la implementaci\u00f3n tanto de las pol\u00edticas econ\u00f3micas y de la frontera en 1994, Uni\u00f3n del Barrio ha sido constante en su resistencia a este asalto en contra de los trabajadores y nuestras familias en ambos lados de la frontera. Veinte a\u00f1os m\u00e1s tarde, despu\u00e9s de m\u00e1s de ocho mil muertes y millones de deportaciones y familias separadas, la comunidad fronteriza de San Diego se reunir\u00e1 el s\u00e1bado 5 de diciembre para organizar a nuestra comunidad y defender nuestros derechos. Invitamos a nuestros simpatizantes que participen con nosotros, este ser\u00e1 un evento de recaudaci\u00f3n de fondos para sostener nuestro trabajo en la comunidad. Para obtener m\u00e1s informaci\u00f3n, por favor vis\u00edtenos en <a href=\"http:\/\/www.uniondelbarrio.org\">www.uniondelbarrio.org<\/a> o ll\u00e1menos al 619-923-3685.<\/p>\n<p><a href=\"http:\/\/www.facebook.com\/events\/719755084822500\/\" target=\"_blank\">http:\/\/www.facebook.com\/events\/719755084822500\/<\/a><\/p>\n","protected":false},"excerpt":{"rendered":"<p>&#8211;Click to download Registration Packet&#8211; Uni\u00f3n del Barrio, a community based political organization, that for over 30 years has organized Raza workers to struggle for our self-determination and liberation from US imposed borders, is organizing \u201c21 millas por 21 a\u00f1os de Resistencia\u201d &#8211;\u00a0a bike ride from the Larsen Field in San Ysidro to Chicano Park. [&hellip;]<\/p>\n","protected":false},"author":1,"featured_media":1881,"comment_status":"closed","ping_status":"closed","sticky":false,"template":"","format":"standard","meta":{"footnotes":""},"categories":[37,42,19,21,38,28,34,36,30],"tags":[],"class_list":["post-1879","post","type-post","status-publish","format-standard","has-post-thumbnail","hentry","category-37","category-2015-events","category-barrio-youth-news-events","category-border-related-news-events","category-en-espanol","category-local-community-news-events","category-mexico","category-police-migra","category-san-diego-news-events"],"yoast_head":"<!-- This site is optimized with the Yoast SEO plugin v27.4 - https:\/\/yoast.com\/product\/yoast-seo-wordpress\/ -->\n<title>&quot;21 millas por 21 A\u00f1os de Resistencia&quot; - 21 YEARS OF OPERATION GATEKEEPER - 21 YEARS OF RESISTANCE - Uni&oacute;n del Barrio<\/title>\n<meta name=\"robots\" content=\"index, follow, max-snippet:-1, max-image-preview:large, max-video-preview:-1\" \/>\n<link rel=\"canonical\" href=\"https:\/\/uniondelbarrio.org\/main\/21-millas-por-21-anos-de-resistencia-21-years-of-operation-gatekeeper-21-years-of-resistance\/\" \/>\n<meta property=\"og:locale\" content=\"en_US\" \/>\n<meta property=\"og:type\" content=\"article\" \/>\n<meta property=\"og:title\" content=\"&quot;21 millas por 21 A\u00f1os de Resistencia&quot; - 21 YEARS OF OPERATION GATEKEEPER - 21 YEARS OF RESISTANCE - Uni&oacute;n del Barrio\" \/>\n<meta property=\"og:description\" content=\"&#8211;Click to download Registration Packet&#8211; Uni\u00f3n del Barrio, a community based political organization, that for over 30 years has organized Raza workers to struggle for our self-determination and liberation from US imposed borders, is organizing \u201c21 millas por 21 a\u00f1os de Resistencia\u201d &#8211;\u00a0a bike ride from the Larsen Field in San Ysidro to Chicano Park. [&hellip;]\" \/>\n<meta property=\"og:url\" content=\"https:\/\/uniondelbarrio.org\/main\/21-millas-por-21-anos-de-resistencia-21-years-of-operation-gatekeeper-21-years-of-resistance\/\" \/>\n<meta property=\"og:site_name\" content=\"Uni&oacute;n del Barrio\" \/>\n<meta property=\"article:publisher\" content=\"https:\/\/www.facebook.com\/UniondelBarrio\/\" \/>\n<meta property=\"article:published_time\" content=\"2015-11-02T19:09:51+00:00\" \/>\n<meta property=\"article:modified_time\" content=\"2015-11-02T19:26:00+00:00\" \/>\n<meta property=\"og:image\" content=\"https:\/\/uniondelbarrio.org\/main\/wp-content\/uploads\/2015\/11\/JustBike_2015.jpg\" \/>\n\t<meta property=\"og:image:width\" content=\"1415\" \/>\n\t<meta property=\"og:image:height\" content=\"892\" \/>\n\t<meta property=\"og:image:type\" content=\"image\/jpeg\" \/>\n<meta name=\"author\" content=\"UdB Web Editor\" \/>\n<meta name=\"twitter:card\" content=\"summary_large_image\" \/>\n<meta name=\"twitter:creator\" content=\"@UniondelBarrio\" \/>\n<meta name=\"twitter:site\" content=\"@UniondelBarrio\" \/>\n<meta name=\"twitter:label1\" content=\"Written by\" \/>\n\t<meta name=\"twitter:data1\" content=\"UdB Web Editor\" \/>\n\t<meta name=\"twitter:label2\" content=\"Est. reading time\" \/>\n\t<meta name=\"twitter:data2\" content=\"3 minutes\" \/>\n<script type=\"application\/ld+json\" class=\"yoast-schema-graph\">{\"@context\":\"https:\\\/\\\/schema.org\",\"@graph\":[{\"@type\":\"Article\",\"@id\":\"https:\\\/\\\/uniondelbarrio.org\\\/main\\\/21-millas-por-21-anos-de-resistencia-21-years-of-operation-gatekeeper-21-years-of-resistance\\\/#article\",\"isPartOf\":{\"@id\":\"https:\\\/\\\/uniondelbarrio.org\\\/main\\\/21-millas-por-21-anos-de-resistencia-21-years-of-operation-gatekeeper-21-years-of-resistance\\\/\"},\"author\":{\"name\":\"UdB Web Editor\",\"@id\":\"https:\\\/\\\/uniondelbarrio.org\\\/main\\\/#\\\/schema\\\/person\\\/0e7d712e5e240581b7ad0654ccb8bd7b\"},\"headline\":\"&#8220;21 millas por 21 A\u00f1os de Resistencia&#8221; &#8211; 21 YEARS OF OPERATION GATEKEEPER &#8211; 21 YEARS OF RESISTANCE\",\"datePublished\":\"2015-11-02T19:09:51+00:00\",\"dateModified\":\"2015-11-02T19:26:00+00:00\",\"mainEntityOfPage\":{\"@id\":\"https:\\\/\\\/uniondelbarrio.org\\\/main\\\/21-millas-por-21-anos-de-resistencia-21-years-of-operation-gatekeeper-21-years-of-resistance\\\/\"},\"wordCount\":675,\"image\":{\"@id\":\"https:\\\/\\\/uniondelbarrio.org\\\/main\\\/21-millas-por-21-anos-de-resistencia-21-years-of-operation-gatekeeper-21-years-of-resistance\\\/#primaryimage\"},\"thumbnailUrl\":\"https:\\\/\\\/uniondelbarrio.org\\\/main\\\/wp-content\\\/uploads\\\/2015\\\/11\\\/JustBike_2015.jpg\",\"articleSection\":[\"2015\",\"2015 Events\",\"Barrio Youth News &amp; Events\",\"Border Related News &amp; Events\",\"En Espa\u00f1ol\",\"Local Community News &amp; Events\",\"M\u00e9xico\",\"Police &amp; Migra\",\"San Diego News &amp; Events\"],\"inLanguage\":\"en\"},{\"@type\":\"WebPage\",\"@id\":\"https:\\\/\\\/uniondelbarrio.org\\\/main\\\/21-millas-por-21-anos-de-resistencia-21-years-of-operation-gatekeeper-21-years-of-resistance\\\/\",\"url\":\"https:\\\/\\\/uniondelbarrio.org\\\/main\\\/21-millas-por-21-anos-de-resistencia-21-years-of-operation-gatekeeper-21-years-of-resistance\\\/\",\"name\":\"\\\"21 millas por 21 A\u00f1os de Resistencia\\\" - 21 YEARS OF OPERATION GATEKEEPER - 21 YEARS OF RESISTANCE - Uni&oacute;n del Barrio\",\"isPartOf\":{\"@id\":\"https:\\\/\\\/uniondelbarrio.org\\\/main\\\/#website\"},\"primaryImageOfPage\":{\"@id\":\"https:\\\/\\\/uniondelbarrio.org\\\/main\\\/21-millas-por-21-anos-de-resistencia-21-years-of-operation-gatekeeper-21-years-of-resistance\\\/#primaryimage\"},\"image\":{\"@id\":\"https:\\\/\\\/uniondelbarrio.org\\\/main\\\/21-millas-por-21-anos-de-resistencia-21-years-of-operation-gatekeeper-21-years-of-resistance\\\/#primaryimage\"},\"thumbnailUrl\":\"https:\\\/\\\/uniondelbarrio.org\\\/main\\\/wp-content\\\/uploads\\\/2015\\\/11\\\/JustBike_2015.jpg\",\"datePublished\":\"2015-11-02T19:09:51+00:00\",\"dateModified\":\"2015-11-02T19:26:00+00:00\",\"author\":{\"@id\":\"https:\\\/\\\/uniondelbarrio.org\\\/main\\\/#\\\/schema\\\/person\\\/0e7d712e5e240581b7ad0654ccb8bd7b\"},\"breadcrumb\":{\"@id\":\"https:\\\/\\\/uniondelbarrio.org\\\/main\\\/21-millas-por-21-anos-de-resistencia-21-years-of-operation-gatekeeper-21-years-of-resistance\\\/#breadcrumb\"},\"inLanguage\":\"en\",\"potentialAction\":[{\"@type\":\"ReadAction\",\"target\":[\"https:\\\/\\\/uniondelbarrio.org\\\/main\\\/21-millas-por-21-anos-de-resistencia-21-years-of-operation-gatekeeper-21-years-of-resistance\\\/\"]}]},{\"@type\":\"ImageObject\",\"inLanguage\":\"en\",\"@id\":\"https:\\\/\\\/uniondelbarrio.org\\\/main\\\/21-millas-por-21-anos-de-resistencia-21-years-of-operation-gatekeeper-21-years-of-resistance\\\/#primaryimage\",\"url\":\"https:\\\/\\\/uniondelbarrio.org\\\/main\\\/wp-content\\\/uploads\\\/2015\\\/11\\\/JustBike_2015.jpg\",\"contentUrl\":\"https:\\\/\\\/uniondelbarrio.org\\\/main\\\/wp-content\\\/uploads\\\/2015\\\/11\\\/JustBike_2015.jpg\",\"width\":1415,\"height\":892},{\"@type\":\"BreadcrumbList\",\"@id\":\"https:\\\/\\\/uniondelbarrio.org\\\/main\\\/21-millas-por-21-anos-de-resistencia-21-years-of-operation-gatekeeper-21-years-of-resistance\\\/#breadcrumb\",\"itemListElement\":[{\"@type\":\"ListItem\",\"position\":1,\"name\":\"Home\",\"item\":\"https:\\\/\\\/uniondelbarrio.org\\\/main\\\/\"},{\"@type\":\"ListItem\",\"position\":2,\"name\":\"&#8220;21 millas por 21 A\u00f1os de Resistencia&#8221; &#8211; 21 YEARS OF OPERATION GATEKEEPER &#8211; 21 YEARS OF RESISTANCE\"}]},{\"@type\":\"WebSite\",\"@id\":\"https:\\\/\\\/uniondelbarrio.org\\\/main\\\/#website\",\"url\":\"https:\\\/\\\/uniondelbarrio.org\\\/main\\\/\",\"name\":\"Uni&oacute;n del Barrio\",\"description\":\"Concientizaci&oacute;n, Organizaci&oacute;n, Acci&oacute;n, y Liberaci&oacute;n\",\"potentialAction\":[{\"@type\":\"SearchAction\",\"target\":{\"@type\":\"EntryPoint\",\"urlTemplate\":\"https:\\\/\\\/uniondelbarrio.org\\\/main\\\/?s={search_term_string}\"},\"query-input\":{\"@type\":\"PropertyValueSpecification\",\"valueRequired\":true,\"valueName\":\"search_term_string\"}}],\"inLanguage\":\"en\"},{\"@type\":\"Person\",\"@id\":\"https:\\\/\\\/uniondelbarrio.org\\\/main\\\/#\\\/schema\\\/person\\\/0e7d712e5e240581b7ad0654ccb8bd7b\",\"name\":\"UdB Web Editor\",\"image\":{\"@type\":\"ImageObject\",\"inLanguage\":\"en\",\"@id\":\"https:\\\/\\\/secure.gravatar.com\\\/avatar\\\/75c52d6f21d6440ec30bea3fa85cda4b9661792af82d57b12fdad6b6fecc4ac3?s=96&d=mm&r=g\",\"url\":\"https:\\\/\\\/secure.gravatar.com\\\/avatar\\\/75c52d6f21d6440ec30bea3fa85cda4b9661792af82d57b12fdad6b6fecc4ac3?s=96&d=mm&r=g\",\"contentUrl\":\"https:\\\/\\\/secure.gravatar.com\\\/avatar\\\/75c52d6f21d6440ec30bea3fa85cda4b9661792af82d57b12fdad6b6fecc4ac3?s=96&d=mm&r=g\",\"caption\":\"UdB Web Editor\"},\"sameAs\":[\"https:\\\/\\\/uniondelbarrio.org\"],\"url\":\"https:\\\/\\\/uniondelbarrio.org\\\/main\\\/author\\\/udbmain2014_admin\\\/\"}]}<\/script>\n<!-- \/ Yoast SEO plugin. -->","yoast_head_json":{"title":"\"21 millas por 21 A\u00f1os de Resistencia\" - 21 YEARS OF OPERATION GATEKEEPER - 21 YEARS OF RESISTANCE - Uni&oacute;n del Barrio","robots":{"index":"index","follow":"follow","max-snippet":"max-snippet:-1","max-image-preview":"max-image-preview:large","max-video-preview":"max-video-preview:-1"},"canonical":"https:\/\/uniondelbarrio.org\/main\/21-millas-por-21-anos-de-resistencia-21-years-of-operation-gatekeeper-21-years-of-resistance\/","og_locale":"en_US","og_type":"article","og_title":"\"21 millas por 21 A\u00f1os de Resistencia\" - 21 YEARS OF OPERATION GATEKEEPER - 21 YEARS OF RESISTANCE - Uni&oacute;n del Barrio","og_description":"&#8211;Click to download Registration Packet&#8211; Uni\u00f3n del Barrio, a community based political organization, that for over 30 years has organized Raza workers to struggle for our self-determination and liberation from US imposed borders, is organizing \u201c21 millas por 21 a\u00f1os de Resistencia\u201d &#8211;\u00a0a bike ride from the Larsen Field in San Ysidro to Chicano Park. [&hellip;]","og_url":"https:\/\/uniondelbarrio.org\/main\/21-millas-por-21-anos-de-resistencia-21-years-of-operation-gatekeeper-21-years-of-resistance\/","og_site_name":"Uni&oacute;n del Barrio","article_publisher":"https:\/\/www.facebook.com\/UniondelBarrio\/","article_published_time":"2015-11-02T19:09:51+00:00","article_modified_time":"2015-11-02T19:26:00+00:00","og_image":[{"width":1415,"height":892,"url":"https:\/\/uniondelbarrio.org\/main\/wp-content\/uploads\/2015\/11\/JustBike_2015.jpg","type":"image\/jpeg"}],"author":"UdB Web Editor","twitter_card":"summary_large_image","twitter_creator":"@UniondelBarrio","twitter_site":"@UniondelBarrio","twitter_misc":{"Written by":"UdB Web Editor","Est. reading time":"3 minutes"},"schema":{"@context":"https:\/\/schema.org","@graph":[{"@type":"Article","@id":"https:\/\/uniondelbarrio.org\/main\/21-millas-por-21-anos-de-resistencia-21-years-of-operation-gatekeeper-21-years-of-resistance\/#article","isPartOf":{"@id":"https:\/\/uniondelbarrio.org\/main\/21-millas-por-21-anos-de-resistencia-21-years-of-operation-gatekeeper-21-years-of-resistance\/"},"author":{"name":"UdB Web Editor","@id":"https:\/\/uniondelbarrio.org\/main\/#\/schema\/person\/0e7d712e5e240581b7ad0654ccb8bd7b"},"headline":"&#8220;21 millas por 21 A\u00f1os de Resistencia&#8221; &#8211; 21 YEARS OF OPERATION GATEKEEPER &#8211; 21 YEARS OF RESISTANCE","datePublished":"2015-11-02T19:09:51+00:00","dateModified":"2015-11-02T19:26:00+00:00","mainEntityOfPage":{"@id":"https:\/\/uniondelbarrio.org\/main\/21-millas-por-21-anos-de-resistencia-21-years-of-operation-gatekeeper-21-years-of-resistance\/"},"wordCount":675,"image":{"@id":"https:\/\/uniondelbarrio.org\/main\/21-millas-por-21-anos-de-resistencia-21-years-of-operation-gatekeeper-21-years-of-resistance\/#primaryimage"},"thumbnailUrl":"https:\/\/uniondelbarrio.org\/main\/wp-content\/uploads\/2015\/11\/JustBike_2015.jpg","articleSection":["2015","2015 Events","Barrio Youth News &amp; Events","Border Related News &amp; Events","En Espa\u00f1ol","Local Community News &amp; Events","M\u00e9xico","Police &amp; Migra","San Diego News &amp; Events"],"inLanguage":"en"},{"@type":"WebPage","@id":"https:\/\/uniondelbarrio.org\/main\/21-millas-por-21-anos-de-resistencia-21-years-of-operation-gatekeeper-21-years-of-resistance\/","url":"https:\/\/uniondelbarrio.org\/main\/21-millas-por-21-anos-de-resistencia-21-years-of-operation-gatekeeper-21-years-of-resistance\/","name":"\"21 millas por 21 A\u00f1os de Resistencia\" - 21 YEARS OF OPERATION GATEKEEPER - 21 YEARS OF RESISTANCE - Uni&oacute;n del Barrio","isPartOf":{"@id":"https:\/\/uniondelbarrio.org\/main\/#website"},"primaryImageOfPage":{"@id":"https:\/\/uniondelbarrio.org\/main\/21-millas-por-21-anos-de-resistencia-21-years-of-operation-gatekeeper-21-years-of-resistance\/#primaryimage"},"image":{"@id":"https:\/\/uniondelbarrio.org\/main\/21-millas-por-21-anos-de-resistencia-21-years-of-operation-gatekeeper-21-years-of-resistance\/#primaryimage"},"thumbnailUrl":"https:\/\/uniondelbarrio.org\/main\/wp-content\/uploads\/2015\/11\/JustBike_2015.jpg","datePublished":"2015-11-02T19:09:51+00:00","dateModified":"2015-11-02T19:26:00+00:00","author":{"@id":"https:\/\/uniondelbarrio.org\/main\/#\/schema\/person\/0e7d712e5e240581b7ad0654ccb8bd7b"},"breadcrumb":{"@id":"https:\/\/uniondelbarrio.org\/main\/21-millas-por-21-anos-de-resistencia-21-years-of-operation-gatekeeper-21-years-of-resistance\/#breadcrumb"},"inLanguage":"en","potentialAction":[{"@type":"ReadAction","target":["https:\/\/uniondelbarrio.org\/main\/21-millas-por-21-anos-de-resistencia-21-years-of-operation-gatekeeper-21-years-of-resistance\/"]}]},{"@type":"ImageObject","inLanguage":"en","@id":"https:\/\/uniondelbarrio.org\/main\/21-millas-por-21-anos-de-resistencia-21-years-of-operation-gatekeeper-21-years-of-resistance\/#primaryimage","url":"https:\/\/uniondelbarrio.org\/main\/wp-content\/uploads\/2015\/11\/JustBike_2015.jpg","contentUrl":"https:\/\/uniondelbarrio.org\/main\/wp-content\/uploads\/2015\/11\/JustBike_2015.jpg","width":1415,"height":892},{"@type":"BreadcrumbList","@id":"https:\/\/uniondelbarrio.org\/main\/21-millas-por-21-anos-de-resistencia-21-years-of-operation-gatekeeper-21-years-of-resistance\/#breadcrumb","itemListElement":[{"@type":"ListItem","position":1,"name":"Home","item":"https:\/\/uniondelbarrio.org\/main\/"},{"@type":"ListItem","position":2,"name":"&#8220;21 millas por 21 A\u00f1os de Resistencia&#8221; &#8211; 21 YEARS OF OPERATION GATEKEEPER &#8211; 21 YEARS OF RESISTANCE"}]},{"@type":"WebSite","@id":"https:\/\/uniondelbarrio.org\/main\/#website","url":"https:\/\/uniondelbarrio.org\/main\/","name":"Uni&oacute;n del Barrio","description":"Concientizaci&oacute;n, Organizaci&oacute;n, Acci&oacute;n, y Liberaci&oacute;n","potentialAction":[{"@type":"SearchAction","target":{"@type":"EntryPoint","urlTemplate":"https:\/\/uniondelbarrio.org\/main\/?s={search_term_string}"},"query-input":{"@type":"PropertyValueSpecification","valueRequired":true,"valueName":"search_term_string"}}],"inLanguage":"en"},{"@type":"Person","@id":"https:\/\/uniondelbarrio.org\/main\/#\/schema\/person\/0e7d712e5e240581b7ad0654ccb8bd7b","name":"UdB Web Editor","image":{"@type":"ImageObject","inLanguage":"en","@id":"https:\/\/secure.gravatar.com\/avatar\/75c52d6f21d6440ec30bea3fa85cda4b9661792af82d57b12fdad6b6fecc4ac3?s=96&d=mm&r=g","url":"https:\/\/secure.gravatar.com\/avatar\/75c52d6f21d6440ec30bea3fa85cda4b9661792af82d57b12fdad6b6fecc4ac3?s=96&d=mm&r=g","contentUrl":"https:\/\/secure.gravatar.com\/avatar\/75c52d6f21d6440ec30bea3fa85cda4b9661792af82d57b12fdad6b6fecc4ac3?s=96&d=mm&r=g","caption":"UdB Web Editor"},"sameAs":["https:\/\/uniondelbarrio.org"],"url":"https:\/\/uniondelbarrio.org\/main\/author\/udbmain2014_admin\/"}]}},"_links":{"self":[{"href":"https:\/\/uniondelbarrio.org\/main\/wp-json\/wp\/v2\/posts\/1879","targetHints":{"allow":["GET"]}}],"collection":[{"href":"https:\/\/uniondelbarrio.org\/main\/wp-json\/wp\/v2\/posts"}],"about":[{"href":"https:\/\/uniondelbarrio.org\/main\/wp-json\/wp\/v2\/types\/post"}],"author":[{"embeddable":true,"href":"https:\/\/uniondelbarrio.org\/main\/wp-json\/wp\/v2\/users\/1"}],"replies":[{"embeddable":true,"href":"https:\/\/uniondelbarrio.org\/main\/wp-json\/wp\/v2\/comments?post=1879"}],"version-history":[{"count":8,"href":"https:\/\/uniondelbarrio.org\/main\/wp-json\/wp\/v2\/posts\/1879\/revisions"}],"predecessor-version":[{"id":1891,"href":"https:\/\/uniondelbarrio.org\/main\/wp-json\/wp\/v2\/posts\/1879\/revisions\/1891"}],"wp:featuredmedia":[{"embeddable":true,"href":"https:\/\/uniondelbarrio.org\/main\/wp-json\/wp\/v2\/media\/1881"}],"wp:attachment":[{"href":"https:\/\/uniondelbarrio.org\/main\/wp-json\/wp\/v2\/media?parent=1879"}],"wp:term":[{"taxonomy":"category","embeddable":true,"href":"https:\/\/uniondelbarrio.org\/main\/wp-json\/wp\/v2\/categories?post=1879"},{"taxonomy":"post_tag","embeddable":true,"href":"https:\/\/uniondelbarrio.org\/main\/wp-json\/wp\/v2\/tags?post=1879"}],"curies":[{"name":"wp","href":"https:\/\/api.w.org\/{rel}","templated":true}]}}