{"id":1892,"date":"2015-11-02T14:53:07","date_gmt":"2015-11-02T21:53:07","guid":{"rendered":"https:\/\/uniondelbarrio.org\/main\/?p=1892"},"modified":"2023-11-03T18:54:30","modified_gmt":"2023-11-04T01:54:30","slug":"dia-de-los-muertos-honoring-udb-compas-that-dedicated-their-lives-to-the-struggle","status":"publish","type":"post","link":"https:\/\/uniondelbarrio.org\/main\/dia-de-los-muertos-honoring-udb-compas-that-dedicated-their-lives-to-the-struggle\/","title":{"rendered":"D\u00eda de los Muertos &#8211; Honoring UdB Compas That Dedicated Their Lives To The Struggle"},"content":{"rendered":"<p style=\"text-align: left;\"><a href=\"https:\/\/uniondelbarrio.org\/esp\/?p=1007\"><img loading=\"lazy\" decoding=\"async\" class=\"alignright wp-image-4339 size-full\" src=\"https:\/\/uniondelbarrio.org\/main\/wp-content\/uploads\/2015\/11\/spanishversionbutton.png\" alt=\"\" width=\"184\" height=\"64\" \/><\/a>Uni\u00f3n del Barrio remembers and honors our Compas that lived a life of struggle and sacrifice. Compa Patricia \u201cPat\u201d Mar\u00edn; Compa Marco Anguiano; UdB founder and Secretario General Compa Ernesto \u201cNeto\u201d Bustillos; and Compa Pablo Aceves were each unequivocal in their commitment to struggle when they lived, and our memories of them will continue to inspire future generations of young revolutionaries. This and every D\u00eda de los Muertos we honor them, and we celebrate their dedication to the liberation struggle of our peoples.<\/p>\n<hr \/>\n<p>El D\u00eda de los Muertos is celebrated every year on November 2. That is when in M\u00e9xico (or in Mexican communities all over the world) we pay homage by remembering our dead. It is not a day of ghosts or sadness, but rather a day of warm memories and an emphasis on celebrating and honoring the lives of our deceased. It is also a day when cemeteries are filled with flowers and families who visit and spend the day with their loved ones, share food, and play music. El D\u00eda de los Muertos is a tradition that has been celebrated for many generations before the Spanish colonizers arrived to Nuestra Am\u00e9rica. Another D\u00eda de los Muertos custom is to build a pyramid-shaped altar inside your home or in certain special places. Photographs of the dead are placed throughout the altar. Arranged around the photos are cempax\u00f3chitl flowers (or cempas\u00fachil \u2013 names that are of Nahuatl origin) \u2013 a special symbol of El D\u00eda de los Muertos, as well as candles, incense\/copal, and multicolored sugar skulls. Some people add \u201cpan de muerto\u201d or sweet bread, and whatever the people being honored enjoyed when they were still with us &#8211; their favorite foods, liquors, candies, and even cigarettes if they smoked. With these gifts it is expected that the dead can be enticed to return and enjoy their favorite dishes and desserts while spending a little time with the living.<\/p>\n<p style=\"text-align: left;\">It is important to note the two key reasons Uni\u00f3n del Barrio marks D\u00eda de los Muertos as especially important. The first is to validate and provide continuity to an indigenous tradition of our people that extends far back into our history, generations before European conquest and oppression made their appearance on these lands. In many ways, the traditions that are associated with D\u00eda de los Muertos are a present-day expression of our native culture when we were a free and independent people. As such, D\u00eda de los Muertos should also be understood as objective proof that we can be a free and independent people again in the future.<\/p>\n<p>The second key reason we mark D\u00eda de los Muertos is because as Uni\u00f3n del Barrio we have a role to play as protectors of our collective history of resistance and revolution, extending back to 1492 in an unbroken chain of liberation struggle. We understand that there exist powerful people and institutions (political, economic, and educational) that depend on the erasure of our collective memories. For this reason, we know that it is our duty to keep these histories alive, and thereby engage with our people&#8217;s political and cultural history through a deeply heartfelt and ideological relationship.<\/p>\n<p>Throughout the normal calendar year Uni\u00f3n del Barrio emulates political figures from throughout Nuestra Am\u00e9rica, marking the day of their deaths with an image and short biographies. We do this with the intention of inspiring the continuation of their struggles in the present. This is also the reason why we respond with <em>&#8220;\u00a1Presente!&#8221;<\/em>\u00a0each time we say the names of our fallen comrades.<\/p>\n<hr \/>\n<p>We invite our supporters to send us recommendations of people from throughout Nuestra Am\u00e9rica who deserve to be added to our list of people&#8217;s emulations. If you have a recommendation like this, please email us at &lt;info@uniondelbarrio.org&gt;.<\/p>\n<hr \/>\n<div id=\"attachment_1921\" style=\"width: 365px\" class=\"wp-caption aligncenter\"><a href=\"https:\/\/uniondelbarrio.org\/main\/wp-content\/uploads\/2015\/11\/NetoAltar2015.jpg\"><img loading=\"lazy\" decoding=\"async\" aria-describedby=\"caption-attachment-1921\" class=\"wp-image-1921\" src=\"https:\/\/uniondelbarrio.org\/main\/wp-content\/uploads\/2015\/11\/NetoAltar2015-300x287.jpg\" alt=\"NetoAltar2015\" width=\"355\" height=\"339\" srcset=\"https:\/\/uniondelbarrio.org\/main\/wp-content\/uploads\/2015\/11\/NetoAltar2015-300x287.jpg 300w, https:\/\/uniondelbarrio.org\/main\/wp-content\/uploads\/2015\/11\/NetoAltar2015-1024x979.jpg 1024w\" sizes=\"auto, (max-width: 355px) 100vw, 355px\" \/><\/a><p id=\"caption-attachment-1921\" class=\"wp-caption-text\">Altar for Compa\u00f1ero Ernesto Bustillos, Chicano Park 2015. Chicano Mexicano Prison Project, a project of Uni\u00f3n del Barrio.<\/p><\/div>\n<hr \/>\n<p style=\"text-align: center;\">Click image for more information about these special\u00a0Compas.<\/p>\n<div id=\"attachment_3633\" style=\"width: 310px\" class=\"wp-caption aligncenter\"><a href=\"https:\/\/uniondelbarrio.org\/main\/?page_id=3639\"><img loading=\"lazy\" decoding=\"async\" aria-describedby=\"caption-attachment-3633\" class=\"wp-image-3633\" src=\"https:\/\/uniondelbarrio.org\/main\/wp-content\/uploads\/2015\/11\/paul-aceves-bonita-ca-obituary_UdBsite.jpg\" alt=\"\" width=\"300\" height=\"353\" srcset=\"https:\/\/uniondelbarrio.org\/main\/wp-content\/uploads\/2015\/11\/paul-aceves-bonita-ca-obituary_UdBsite.jpg 400w, https:\/\/uniondelbarrio.org\/main\/wp-content\/uploads\/2015\/11\/paul-aceves-bonita-ca-obituary_UdBsite-255x300.jpg 255w\" sizes=\"auto, (max-width: 300px) 100vw, 300px\" \/><\/a><p id=\"caption-attachment-3633\" class=\"wp-caption-text\">Compa\u00f1ero Pablo Aceves, December 2, 1967 &#8211; September 29, 2018.<\/p><\/div>\n<div id=\"attachment_1897\" style=\"width: 310px\" class=\"wp-caption aligncenter\"><a href=\"https:\/\/uniondelbarrio.org\/main\/?page_id=220\" target=\"_blank\" rel=\"noopener noreferrer\"><img loading=\"lazy\" decoding=\"async\" aria-describedby=\"caption-attachment-1897\" class=\"wp-image-1897\" src=\"https:\/\/uniondelbarrio.org\/main\/wp-content\/uploads\/2015\/11\/Neto20151.jpg\" alt=\"Neto2015\" width=\"300\" height=\"450\" srcset=\"https:\/\/uniondelbarrio.org\/main\/wp-content\/uploads\/2015\/11\/Neto20151.jpg 450w, https:\/\/uniondelbarrio.org\/main\/wp-content\/uploads\/2015\/11\/Neto20151-200x300.jpg 200w\" sizes=\"auto, (max-width: 300px) 100vw, 300px\" \/><\/a><p id=\"caption-attachment-1897\" class=\"wp-caption-text\">Compa\u00f1ero Fundador y Secretario General, Ernesto Bustillos, March 2, 1952 \u2013 March 26, 2012.<\/p><\/div>\n<div id=\"attachment_1895\" style=\"width: 310px\" class=\"wp-caption aligncenter\"><a href=\"https:\/\/uniondelbarrio.org\/main\/?page_id=1906\" target=\"_blank\" rel=\"noopener noreferrer\"><img loading=\"lazy\" decoding=\"async\" aria-describedby=\"caption-attachment-1895\" class=\"wp-image-1895\" src=\"https:\/\/uniondelbarrio.org\/main\/wp-content\/uploads\/2015\/11\/Marco2015.jpg\" alt=\"Maarco\" width=\"300\" height=\"450\" srcset=\"https:\/\/uniondelbarrio.org\/main\/wp-content\/uploads\/2015\/11\/Marco2015.jpg 450w, https:\/\/uniondelbarrio.org\/main\/wp-content\/uploads\/2015\/11\/Marco2015-200x300.jpg 200w\" sizes=\"auto, (max-width: 300px) 100vw, 300px\" \/><\/a><p id=\"caption-attachment-1895\" class=\"wp-caption-text\">Compa\u00f1ero Marco Anguiano, Oct. 19, 1952 \u2013 August 24, 2005.<\/p><\/div>\n<div id=\"attachment_1896\" style=\"width: 310px\" class=\"wp-caption aligncenter\"><a href=\"https:\/\/uniondelbarrio.org\/main\/?page_id=1914\" target=\"_blank\" rel=\"noopener noreferrer\"><img loading=\"lazy\" decoding=\"async\" aria-describedby=\"caption-attachment-1896\" class=\"wp-image-1896\" src=\"https:\/\/uniondelbarrio.org\/main\/wp-content\/uploads\/2015\/11\/Pat2015.jpg\" alt=\"Pat2015\" width=\"300\" height=\"450\" srcset=\"https:\/\/uniondelbarrio.org\/main\/wp-content\/uploads\/2015\/11\/Pat2015.jpg 450w, https:\/\/uniondelbarrio.org\/main\/wp-content\/uploads\/2015\/11\/Pat2015-200x300.jpg 200w\" sizes=\"auto, (max-width: 300px) 100vw, 300px\" \/><\/a><p id=\"caption-attachment-1896\" class=\"wp-caption-text\">Compa\u00f1era Patricia Mar\u00edn, October 2, 1952 to December 19, 1995.<\/p><\/div>\n<hr \/>\n<div id=\"attachment_3667\" style=\"width: 510px\" class=\"wp-caption aligncenter\"><img loading=\"lazy\" decoding=\"async\" aria-describedby=\"caption-attachment-3667\" class=\"wp-image-3667\" src=\"https:\/\/uniondelbarrio.org\/main\/wp-content\/uploads\/2015\/11\/45286427_2502504603098631_2153430648696602624_n.jpg\" alt=\"\" width=\"500\" height=\"625\" srcset=\"https:\/\/uniondelbarrio.org\/main\/wp-content\/uploads\/2015\/11\/45286427_2502504603098631_2153430648696602624_n.jpg 768w, https:\/\/uniondelbarrio.org\/main\/wp-content\/uploads\/2015\/11\/45286427_2502504603098631_2153430648696602624_n-240x300.jpg 240w\" sizes=\"auto, (max-width: 500px) 100vw, 500px\" \/><p id=\"caption-attachment-3667\" class=\"wp-caption-text\">Altar in Chicano Park, 2018 D\u00eda de los Muertos. Base Celia S\u00e1nchez, Uni\u00f3n del Barrio &#8211; San Diego.<\/p><\/div>\n<div id=\"attachment_3668\" style=\"width: 510px\" class=\"wp-caption aligncenter\"><img loading=\"lazy\" decoding=\"async\" aria-describedby=\"caption-attachment-3668\" class=\"wp-image-3668\" src=\"https:\/\/uniondelbarrio.org\/main\/wp-content\/uploads\/2015\/11\/45299024_2502504663098625_7769791950965702656_n.jpg\" alt=\"\" width=\"500\" height=\"625\" srcset=\"https:\/\/uniondelbarrio.org\/main\/wp-content\/uploads\/2015\/11\/45299024_2502504663098625_7769791950965702656_n.jpg 768w, https:\/\/uniondelbarrio.org\/main\/wp-content\/uploads\/2015\/11\/45299024_2502504663098625_7769791950965702656_n-240x300.jpg 240w\" sizes=\"auto, (max-width: 500px) 100vw, 500px\" \/><p id=\"caption-attachment-3668\" class=\"wp-caption-text\">Altar in Chicano Park, 2018 D\u00eda de los Muertos. Base Celia S\u00e1nchez, Uni\u00f3n del Barrio &#8211; San Diego.<\/p><\/div>\n<hr \/>\n<p>Updated and revised 11\/03\/2023.<\/p>\n","protected":false},"excerpt":{"rendered":"<p>Uni\u00f3n del Barrio remembers and honors our Compas that lived a life of struggle and sacrifice. Compa Patricia \u201cPat\u201d Mar\u00edn; Compa Marco Anguiano; UdB founder and Secretario General Compa Ernesto \u201cNeto\u201d Bustillos; and Compa Pablo Aceves were each unequivocal in their commitment to struggle when they lived, and our memories of them will continue to [&hellip;]<\/p>\n","protected":false},"author":1,"featured_media":3667,"comment_status":"closed","ping_status":"closed","sticky":false,"template":"","format":"standard","meta":{"footnotes":""},"categories":[72,47,23,38,39,46,13,14,30,54,49],"tags":[],"class_list":["post-1892","post","type-post","status-publish","format-standard","has-post-thumbnail","hentry","category-72","category-analysis-2","category-cultural-news-events","category-en-espanol","category-history","category-history-2","category-nuestra-america","category-organizational-updates","category-san-diego-news-events","category-self-determination","category-statement"],"yoast_head":"<!-- This site is optimized with the Yoast SEO plugin v27.4 - https:\/\/yoast.com\/product\/yoast-seo-wordpress\/ -->\n<title>D\u00eda de los Muertos - Honoring UdB Compas That Dedicated Their Lives To The Struggle - Uni&oacute;n del Barrio<\/title>\n<meta name=\"robots\" content=\"index, follow, max-snippet:-1, max-image-preview:large, max-video-preview:-1\" \/>\n<link rel=\"canonical\" href=\"https:\/\/uniondelbarrio.org\/main\/dia-de-los-muertos-honoring-udb-compas-that-dedicated-their-lives-to-the-struggle\/\" \/>\n<meta property=\"og:locale\" content=\"en_US\" \/>\n<meta property=\"og:type\" content=\"article\" \/>\n<meta property=\"og:title\" content=\"D\u00eda de los Muertos - Honoring UdB Compas That Dedicated Their Lives To The Struggle - Uni&oacute;n del Barrio\" \/>\n<meta property=\"og:description\" content=\"Uni\u00f3n del Barrio remembers and honors our Compas that lived a life of struggle and sacrifice. Compa Patricia \u201cPat\u201d Mar\u00edn; Compa Marco Anguiano; UdB founder and Secretario General Compa Ernesto \u201cNeto\u201d Bustillos; and Compa Pablo Aceves were each unequivocal in their commitment to struggle when they lived, and our memories of them will continue to [&hellip;]\" \/>\n<meta property=\"og:url\" content=\"https:\/\/uniondelbarrio.org\/main\/dia-de-los-muertos-honoring-udb-compas-that-dedicated-their-lives-to-the-struggle\/\" \/>\n<meta property=\"og:site_name\" content=\"Uni&oacute;n del Barrio\" \/>\n<meta property=\"article:publisher\" content=\"https:\/\/www.facebook.com\/UniondelBarrio\/\" \/>\n<meta property=\"article:published_time\" content=\"2015-11-02T21:53:07+00:00\" \/>\n<meta property=\"article:modified_time\" content=\"2023-11-04T01:54:30+00:00\" \/>\n<meta property=\"og:image\" content=\"https:\/\/uniondelbarrio.org\/main\/wp-content\/uploads\/2015\/11\/45286427_2502504603098631_2153430648696602624_n.jpg\" \/>\n\t<meta property=\"og:image:width\" content=\"768\" \/>\n\t<meta property=\"og:image:height\" content=\"960\" \/>\n\t<meta property=\"og:image:type\" content=\"image\/jpeg\" \/>\n<meta name=\"author\" content=\"UdB Web Editor\" \/>\n<meta name=\"twitter:card\" content=\"summary_large_image\" \/>\n<meta name=\"twitter:creator\" content=\"@UniondelBarrio\" \/>\n<meta name=\"twitter:site\" content=\"@UniondelBarrio\" \/>\n<meta name=\"twitter:label1\" content=\"Written by\" \/>\n\t<meta name=\"twitter:data1\" content=\"UdB Web Editor\" \/>\n\t<meta name=\"twitter:label2\" content=\"Est. reading time\" \/>\n\t<meta name=\"twitter:data2\" content=\"5 minutes\" \/>\n<script type=\"application\/ld+json\" class=\"yoast-schema-graph\">{\"@context\":\"https:\\\/\\\/schema.org\",\"@graph\":[{\"@type\":\"Article\",\"@id\":\"https:\\\/\\\/uniondelbarrio.org\\\/main\\\/dia-de-los-muertos-honoring-udb-compas-that-dedicated-their-lives-to-the-struggle\\\/#article\",\"isPartOf\":{\"@id\":\"https:\\\/\\\/uniondelbarrio.org\\\/main\\\/dia-de-los-muertos-honoring-udb-compas-that-dedicated-their-lives-to-the-struggle\\\/\"},\"author\":{\"name\":\"UdB Web Editor\",\"@id\":\"https:\\\/\\\/uniondelbarrio.org\\\/main\\\/#\\\/schema\\\/person\\\/0e7d712e5e240581b7ad0654ccb8bd7b\"},\"headline\":\"D\u00eda de los Muertos &#8211; Honoring UdB Compas That Dedicated Their Lives To The Struggle\",\"datePublished\":\"2015-11-02T21:53:07+00:00\",\"dateModified\":\"2023-11-04T01:54:30+00:00\",\"mainEntityOfPage\":{\"@id\":\"https:\\\/\\\/uniondelbarrio.org\\\/main\\\/dia-de-los-muertos-honoring-udb-compas-that-dedicated-their-lives-to-the-struggle\\\/\"},\"wordCount\":817,\"image\":{\"@id\":\"https:\\\/\\\/uniondelbarrio.org\\\/main\\\/dia-de-los-muertos-honoring-udb-compas-that-dedicated-their-lives-to-the-struggle\\\/#primaryimage\"},\"thumbnailUrl\":\"https:\\\/\\\/uniondelbarrio.org\\\/main\\\/wp-content\\\/uploads\\\/2015\\\/11\\\/45286427_2502504603098631_2153430648696602624_n.jpg\",\"articleSection\":[\"2023\",\"Analysis\",\"Cultural News &amp; Events\",\"En Espa\u00f1ol\",\"History\",\"History\",\"Nuestra Am\u00e9rica\",\"Organizational Updates\",\"San Diego News &amp; Events\",\"Self-Determination\",\"Statement\"],\"inLanguage\":\"en\"},{\"@type\":\"WebPage\",\"@id\":\"https:\\\/\\\/uniondelbarrio.org\\\/main\\\/dia-de-los-muertos-honoring-udb-compas-that-dedicated-their-lives-to-the-struggle\\\/\",\"url\":\"https:\\\/\\\/uniondelbarrio.org\\\/main\\\/dia-de-los-muertos-honoring-udb-compas-that-dedicated-their-lives-to-the-struggle\\\/\",\"name\":\"D\u00eda de los Muertos - Honoring UdB Compas That Dedicated Their Lives To The Struggle - Uni&oacute;n del Barrio\",\"isPartOf\":{\"@id\":\"https:\\\/\\\/uniondelbarrio.org\\\/main\\\/#website\"},\"primaryImageOfPage\":{\"@id\":\"https:\\\/\\\/uniondelbarrio.org\\\/main\\\/dia-de-los-muertos-honoring-udb-compas-that-dedicated-their-lives-to-the-struggle\\\/#primaryimage\"},\"image\":{\"@id\":\"https:\\\/\\\/uniondelbarrio.org\\\/main\\\/dia-de-los-muertos-honoring-udb-compas-that-dedicated-their-lives-to-the-struggle\\\/#primaryimage\"},\"thumbnailUrl\":\"https:\\\/\\\/uniondelbarrio.org\\\/main\\\/wp-content\\\/uploads\\\/2015\\\/11\\\/45286427_2502504603098631_2153430648696602624_n.jpg\",\"datePublished\":\"2015-11-02T21:53:07+00:00\",\"dateModified\":\"2023-11-04T01:54:30+00:00\",\"author\":{\"@id\":\"https:\\\/\\\/uniondelbarrio.org\\\/main\\\/#\\\/schema\\\/person\\\/0e7d712e5e240581b7ad0654ccb8bd7b\"},\"breadcrumb\":{\"@id\":\"https:\\\/\\\/uniondelbarrio.org\\\/main\\\/dia-de-los-muertos-honoring-udb-compas-that-dedicated-their-lives-to-the-struggle\\\/#breadcrumb\"},\"inLanguage\":\"en\",\"potentialAction\":[{\"@type\":\"ReadAction\",\"target\":[\"https:\\\/\\\/uniondelbarrio.org\\\/main\\\/dia-de-los-muertos-honoring-udb-compas-that-dedicated-their-lives-to-the-struggle\\\/\"]}]},{\"@type\":\"ImageObject\",\"inLanguage\":\"en\",\"@id\":\"https:\\\/\\\/uniondelbarrio.org\\\/main\\\/dia-de-los-muertos-honoring-udb-compas-that-dedicated-their-lives-to-the-struggle\\\/#primaryimage\",\"url\":\"https:\\\/\\\/uniondelbarrio.org\\\/main\\\/wp-content\\\/uploads\\\/2015\\\/11\\\/45286427_2502504603098631_2153430648696602624_n.jpg\",\"contentUrl\":\"https:\\\/\\\/uniondelbarrio.org\\\/main\\\/wp-content\\\/uploads\\\/2015\\\/11\\\/45286427_2502504603098631_2153430648696602624_n.jpg\",\"width\":768,\"height\":960},{\"@type\":\"BreadcrumbList\",\"@id\":\"https:\\\/\\\/uniondelbarrio.org\\\/main\\\/dia-de-los-muertos-honoring-udb-compas-that-dedicated-their-lives-to-the-struggle\\\/#breadcrumb\",\"itemListElement\":[{\"@type\":\"ListItem\",\"position\":1,\"name\":\"Home\",\"item\":\"https:\\\/\\\/uniondelbarrio.org\\\/main\\\/\"},{\"@type\":\"ListItem\",\"position\":2,\"name\":\"D\u00eda de los Muertos &#8211; Honoring UdB Compas That Dedicated Their Lives To The Struggle\"}]},{\"@type\":\"WebSite\",\"@id\":\"https:\\\/\\\/uniondelbarrio.org\\\/main\\\/#website\",\"url\":\"https:\\\/\\\/uniondelbarrio.org\\\/main\\\/\",\"name\":\"Uni&oacute;n del Barrio\",\"description\":\"Concientizaci&oacute;n, Organizaci&oacute;n, Acci&oacute;n, y Liberaci&oacute;n\",\"potentialAction\":[{\"@type\":\"SearchAction\",\"target\":{\"@type\":\"EntryPoint\",\"urlTemplate\":\"https:\\\/\\\/uniondelbarrio.org\\\/main\\\/?s={search_term_string}\"},\"query-input\":{\"@type\":\"PropertyValueSpecification\",\"valueRequired\":true,\"valueName\":\"search_term_string\"}}],\"inLanguage\":\"en\"},{\"@type\":\"Person\",\"@id\":\"https:\\\/\\\/uniondelbarrio.org\\\/main\\\/#\\\/schema\\\/person\\\/0e7d712e5e240581b7ad0654ccb8bd7b\",\"name\":\"UdB Web Editor\",\"image\":{\"@type\":\"ImageObject\",\"inLanguage\":\"en\",\"@id\":\"https:\\\/\\\/secure.gravatar.com\\\/avatar\\\/75c52d6f21d6440ec30bea3fa85cda4b9661792af82d57b12fdad6b6fecc4ac3?s=96&d=mm&r=g\",\"url\":\"https:\\\/\\\/secure.gravatar.com\\\/avatar\\\/75c52d6f21d6440ec30bea3fa85cda4b9661792af82d57b12fdad6b6fecc4ac3?s=96&d=mm&r=g\",\"contentUrl\":\"https:\\\/\\\/secure.gravatar.com\\\/avatar\\\/75c52d6f21d6440ec30bea3fa85cda4b9661792af82d57b12fdad6b6fecc4ac3?s=96&d=mm&r=g\",\"caption\":\"UdB Web Editor\"},\"sameAs\":[\"https:\\\/\\\/uniondelbarrio.org\"],\"url\":\"https:\\\/\\\/uniondelbarrio.org\\\/main\\\/author\\\/udbmain2014_admin\\\/\"}]}<\/script>\n<!-- \/ Yoast SEO plugin. -->","yoast_head_json":{"title":"D\u00eda de los Muertos - Honoring UdB Compas That Dedicated Their Lives To The Struggle - Uni&oacute;n del Barrio","robots":{"index":"index","follow":"follow","max-snippet":"max-snippet:-1","max-image-preview":"max-image-preview:large","max-video-preview":"max-video-preview:-1"},"canonical":"https:\/\/uniondelbarrio.org\/main\/dia-de-los-muertos-honoring-udb-compas-that-dedicated-their-lives-to-the-struggle\/","og_locale":"en_US","og_type":"article","og_title":"D\u00eda de los Muertos - Honoring UdB Compas That Dedicated Their Lives To The Struggle - Uni&oacute;n del Barrio","og_description":"Uni\u00f3n del Barrio remembers and honors our Compas that lived a life of struggle and sacrifice. Compa Patricia \u201cPat\u201d Mar\u00edn; Compa Marco Anguiano; UdB founder and Secretario General Compa Ernesto \u201cNeto\u201d Bustillos; and Compa Pablo Aceves were each unequivocal in their commitment to struggle when they lived, and our memories of them will continue to [&hellip;]","og_url":"https:\/\/uniondelbarrio.org\/main\/dia-de-los-muertos-honoring-udb-compas-that-dedicated-their-lives-to-the-struggle\/","og_site_name":"Uni&oacute;n del Barrio","article_publisher":"https:\/\/www.facebook.com\/UniondelBarrio\/","article_published_time":"2015-11-02T21:53:07+00:00","article_modified_time":"2023-11-04T01:54:30+00:00","og_image":[{"width":768,"height":960,"url":"https:\/\/uniondelbarrio.org\/main\/wp-content\/uploads\/2015\/11\/45286427_2502504603098631_2153430648696602624_n.jpg","type":"image\/jpeg"}],"author":"UdB Web Editor","twitter_card":"summary_large_image","twitter_creator":"@UniondelBarrio","twitter_site":"@UniondelBarrio","twitter_misc":{"Written by":"UdB Web Editor","Est. reading time":"5 minutes"},"schema":{"@context":"https:\/\/schema.org","@graph":[{"@type":"Article","@id":"https:\/\/uniondelbarrio.org\/main\/dia-de-los-muertos-honoring-udb-compas-that-dedicated-their-lives-to-the-struggle\/#article","isPartOf":{"@id":"https:\/\/uniondelbarrio.org\/main\/dia-de-los-muertos-honoring-udb-compas-that-dedicated-their-lives-to-the-struggle\/"},"author":{"name":"UdB Web Editor","@id":"https:\/\/uniondelbarrio.org\/main\/#\/schema\/person\/0e7d712e5e240581b7ad0654ccb8bd7b"},"headline":"D\u00eda de los Muertos &#8211; Honoring UdB Compas That Dedicated Their Lives To The Struggle","datePublished":"2015-11-02T21:53:07+00:00","dateModified":"2023-11-04T01:54:30+00:00","mainEntityOfPage":{"@id":"https:\/\/uniondelbarrio.org\/main\/dia-de-los-muertos-honoring-udb-compas-that-dedicated-their-lives-to-the-struggle\/"},"wordCount":817,"image":{"@id":"https:\/\/uniondelbarrio.org\/main\/dia-de-los-muertos-honoring-udb-compas-that-dedicated-their-lives-to-the-struggle\/#primaryimage"},"thumbnailUrl":"https:\/\/uniondelbarrio.org\/main\/wp-content\/uploads\/2015\/11\/45286427_2502504603098631_2153430648696602624_n.jpg","articleSection":["2023","Analysis","Cultural News &amp; Events","En Espa\u00f1ol","History","History","Nuestra Am\u00e9rica","Organizational Updates","San Diego News &amp; Events","Self-Determination","Statement"],"inLanguage":"en"},{"@type":"WebPage","@id":"https:\/\/uniondelbarrio.org\/main\/dia-de-los-muertos-honoring-udb-compas-that-dedicated-their-lives-to-the-struggle\/","url":"https:\/\/uniondelbarrio.org\/main\/dia-de-los-muertos-honoring-udb-compas-that-dedicated-their-lives-to-the-struggle\/","name":"D\u00eda de los Muertos - Honoring UdB Compas That Dedicated Their Lives To The Struggle - Uni&oacute;n del Barrio","isPartOf":{"@id":"https:\/\/uniondelbarrio.org\/main\/#website"},"primaryImageOfPage":{"@id":"https:\/\/uniondelbarrio.org\/main\/dia-de-los-muertos-honoring-udb-compas-that-dedicated-their-lives-to-the-struggle\/#primaryimage"},"image":{"@id":"https:\/\/uniondelbarrio.org\/main\/dia-de-los-muertos-honoring-udb-compas-that-dedicated-their-lives-to-the-struggle\/#primaryimage"},"thumbnailUrl":"https:\/\/uniondelbarrio.org\/main\/wp-content\/uploads\/2015\/11\/45286427_2502504603098631_2153430648696602624_n.jpg","datePublished":"2015-11-02T21:53:07+00:00","dateModified":"2023-11-04T01:54:30+00:00","author":{"@id":"https:\/\/uniondelbarrio.org\/main\/#\/schema\/person\/0e7d712e5e240581b7ad0654ccb8bd7b"},"breadcrumb":{"@id":"https:\/\/uniondelbarrio.org\/main\/dia-de-los-muertos-honoring-udb-compas-that-dedicated-their-lives-to-the-struggle\/#breadcrumb"},"inLanguage":"en","potentialAction":[{"@type":"ReadAction","target":["https:\/\/uniondelbarrio.org\/main\/dia-de-los-muertos-honoring-udb-compas-that-dedicated-their-lives-to-the-struggle\/"]}]},{"@type":"ImageObject","inLanguage":"en","@id":"https:\/\/uniondelbarrio.org\/main\/dia-de-los-muertos-honoring-udb-compas-that-dedicated-their-lives-to-the-struggle\/#primaryimage","url":"https:\/\/uniondelbarrio.org\/main\/wp-content\/uploads\/2015\/11\/45286427_2502504603098631_2153430648696602624_n.jpg","contentUrl":"https:\/\/uniondelbarrio.org\/main\/wp-content\/uploads\/2015\/11\/45286427_2502504603098631_2153430648696602624_n.jpg","width":768,"height":960},{"@type":"BreadcrumbList","@id":"https:\/\/uniondelbarrio.org\/main\/dia-de-los-muertos-honoring-udb-compas-that-dedicated-their-lives-to-the-struggle\/#breadcrumb","itemListElement":[{"@type":"ListItem","position":1,"name":"Home","item":"https:\/\/uniondelbarrio.org\/main\/"},{"@type":"ListItem","position":2,"name":"D\u00eda de los Muertos &#8211; Honoring UdB Compas That Dedicated Their Lives To The Struggle"}]},{"@type":"WebSite","@id":"https:\/\/uniondelbarrio.org\/main\/#website","url":"https:\/\/uniondelbarrio.org\/main\/","name":"Uni&oacute;n del Barrio","description":"Concientizaci&oacute;n, Organizaci&oacute;n, Acci&oacute;n, y Liberaci&oacute;n","potentialAction":[{"@type":"SearchAction","target":{"@type":"EntryPoint","urlTemplate":"https:\/\/uniondelbarrio.org\/main\/?s={search_term_string}"},"query-input":{"@type":"PropertyValueSpecification","valueRequired":true,"valueName":"search_term_string"}}],"inLanguage":"en"},{"@type":"Person","@id":"https:\/\/uniondelbarrio.org\/main\/#\/schema\/person\/0e7d712e5e240581b7ad0654ccb8bd7b","name":"UdB Web Editor","image":{"@type":"ImageObject","inLanguage":"en","@id":"https:\/\/secure.gravatar.com\/avatar\/75c52d6f21d6440ec30bea3fa85cda4b9661792af82d57b12fdad6b6fecc4ac3?s=96&d=mm&r=g","url":"https:\/\/secure.gravatar.com\/avatar\/75c52d6f21d6440ec30bea3fa85cda4b9661792af82d57b12fdad6b6fecc4ac3?s=96&d=mm&r=g","contentUrl":"https:\/\/secure.gravatar.com\/avatar\/75c52d6f21d6440ec30bea3fa85cda4b9661792af82d57b12fdad6b6fecc4ac3?s=96&d=mm&r=g","caption":"UdB Web Editor"},"sameAs":["https:\/\/uniondelbarrio.org"],"url":"https:\/\/uniondelbarrio.org\/main\/author\/udbmain2014_admin\/"}]}},"_links":{"self":[{"href":"https:\/\/uniondelbarrio.org\/main\/wp-json\/wp\/v2\/posts\/1892","targetHints":{"allow":["GET"]}}],"collection":[{"href":"https:\/\/uniondelbarrio.org\/main\/wp-json\/wp\/v2\/posts"}],"about":[{"href":"https:\/\/uniondelbarrio.org\/main\/wp-json\/wp\/v2\/types\/post"}],"author":[{"embeddable":true,"href":"https:\/\/uniondelbarrio.org\/main\/wp-json\/wp\/v2\/users\/1"}],"replies":[{"embeddable":true,"href":"https:\/\/uniondelbarrio.org\/main\/wp-json\/wp\/v2\/comments?post=1892"}],"version-history":[{"count":39,"href":"https:\/\/uniondelbarrio.org\/main\/wp-json\/wp\/v2\/posts\/1892\/revisions"}],"predecessor-version":[{"id":4908,"href":"https:\/\/uniondelbarrio.org\/main\/wp-json\/wp\/v2\/posts\/1892\/revisions\/4908"}],"wp:featuredmedia":[{"embeddable":true,"href":"https:\/\/uniondelbarrio.org\/main\/wp-json\/wp\/v2\/media\/3667"}],"wp:attachment":[{"href":"https:\/\/uniondelbarrio.org\/main\/wp-json\/wp\/v2\/media?parent=1892"}],"wp:term":[{"taxonomy":"category","embeddable":true,"href":"https:\/\/uniondelbarrio.org\/main\/wp-json\/wp\/v2\/categories?post=1892"},{"taxonomy":"post_tag","embeddable":true,"href":"https:\/\/uniondelbarrio.org\/main\/wp-json\/wp\/v2\/tags?post=1892"}],"curies":[{"name":"wp","href":"https:\/\/api.w.org\/{rel}","templated":true}]}}